{"id":64199,"date":"2026-03-10T12:39:31","date_gmt":"2026-03-10T12:39:31","guid":{"rendered":"https:\/\/europehouse.mk\/%d0%ba%d0%be%d1%98-%d1%98%d0%b0-%d0%bf%d0%bb%d0%b0%d1%9c%d0%b0-%d1%81%d0%bc%d0%b5%d1%82%d0%ba%d0%b0%d1%82%d0%b0\/"},"modified":"2026-03-10T14:21:59","modified_gmt":"2026-03-10T14:21:59","slug":"%d0%ba%d0%be%d1%98-%d1%98%d0%b0-%d0%bf%d0%bb%d0%b0%d1%9c%d0%b0-%d1%81%d0%bc%d0%b5%d1%82%d0%ba%d0%b0%d1%82%d0%b0","status":"publish","type":"post","link":"https:\/\/europehouse.mk\/sq\/%d0%ba%d0%be%d1%98-%d1%98%d0%b0-%d0%bf%d0%bb%d0%b0%d1%9c%d0%b0-%d1%81%d0%bc%d0%b5%d1%82%d0%ba%d0%b0%d1%82%d0%b0\/","title":{"rendered":"KUSH E PAGUAN \u00c7MIMIN E PABARAZIS\u00cb?"},"content":{"rendered":"<p>Panel diskutimi n\u00eb Europe House Shkup bashkoi p\u00ebrfaq\u00ebsues nga sektori civil, akademia dhe komuniteti i biznesit. Q\u00ebllimi ishte t\u00eb identifikohen mang\u00ebsit\u00eb strukturore ekonomike me t\u00eb cilat p\u00ebrballen grat\u00eb n\u00eb Maqedonin\u00eb e Veriut dhe ndikimi financiar q\u00eb pabarazia gjinore ka mbi shoq\u00ebrin\u00eb. Ngjarja, me titull \u201cKush e paguan fatur\u00ebn? \u00c7mimi i pabarazis\u00eb\u201d, sh\u00ebnoi fillimin e fushat\u00ebs \u201cVishe ndryshimin\u201d dhe roadshow-it komb\u00ebtar. Diskutimi u fokusua te pasojat ekonomike t\u00eb pabarazis\u00eb gjinore gjat\u00eb gjith\u00eb ciklit jet\u00ebsor, nga arsimi dhe hyrja n\u00eb tregun e pun\u00ebs deri te zhvillimi i karrier\u00ebs, sip\u00ebrmarrja, kujdesi p\u00ebr familjen dhe pensionimi.<\/p>\n<p><img loading=\"lazy\" decoding=\"async\" class=\"size-large wp-image-64154 aligncenter\" src=\"https:\/\/europehouse.mk\/wp-content\/uploads\/2026\/03\/wear-the-change-1-1024x683.jpg\" alt=\"\" width=\"640\" height=\"427\" srcset=\"https:\/\/europehouse.mk\/wp-content\/uploads\/2026\/03\/wear-the-change-1-1024x683.jpg 1024w, https:\/\/europehouse.mk\/wp-content\/uploads\/2026\/03\/wear-the-change-1-300x200.jpg 300w, https:\/\/europehouse.mk\/wp-content\/uploads\/2026\/03\/wear-the-change-1-768x512.jpg 768w, https:\/\/europehouse.mk\/wp-content\/uploads\/2026\/03\/wear-the-change-1-1536x1024.jpg 1536w, https:\/\/europehouse.mk\/wp-content\/uploads\/2026\/03\/wear-the-change-1-2048x1365.jpg 2048w\" sizes=\"auto, (max-width: 640px) 100vw, 640px\" \/><\/p>\n<p>Ngjarjen e hapi Ben Nupnau, ushtrues detyre ambasador i Delegacionit t\u00eb Bashkimit Evropian, i cili p\u00ebrsh\u00ebndeti t\u00eb pranishmit dhe e shpalli zyrtarisht fillimin e iniciativ\u00ebs. \u201cBarazia mes grave dhe burrave nuk \u00ebsht\u00eb vet\u00ebm nj\u00eb vler\u00eb e p\u00ebrbashk\u00ebt \u2013 ajo \u00ebsht\u00eb e domosdoshme p\u00ebr nd\u00ebrtimin e shoq\u00ebrive m\u00eb t\u00eb drejta, m\u00eb t\u00eb forta dhe m\u00eb prosperuese p\u00ebr t\u00eb gjith\u00eb qytetar\u00ebt\u201d, theksoi Nupnau.<\/p>\n<p><img loading=\"lazy\" decoding=\"async\" class=\"size-large wp-image-64157 aligncenter\" src=\"https:\/\/europehouse.mk\/wp-content\/uploads\/2026\/03\/wear-the-change-2-1024x683.jpg\" alt=\"\" width=\"640\" height=\"427\" srcset=\"https:\/\/europehouse.mk\/wp-content\/uploads\/2026\/03\/wear-the-change-2-1024x683.jpg 1024w, https:\/\/europehouse.mk\/wp-content\/uploads\/2026\/03\/wear-the-change-2-300x200.jpg 300w, https:\/\/europehouse.mk\/wp-content\/uploads\/2026\/03\/wear-the-change-2-768x512.jpg 768w, https:\/\/europehouse.mk\/wp-content\/uploads\/2026\/03\/wear-the-change-2-1536x1024.jpg 1536w, https:\/\/europehouse.mk\/wp-content\/uploads\/2026\/03\/wear-the-change-2-2048x1365.jpg 2048w\" sizes=\"auto, (max-width: 640px) 100vw, 640px\" \/><\/p>\n<p>Panel diskutimi u fokusua n\u00eb faktin se pabarazia gjinore, edhe pse shpesh trajtohet si \u00e7\u00ebshtje sociale, p\u00ebrfaq\u00ebson edhe nj\u00eb \u00e7ekuilib\u00ebr sistemik ekonomik me pasoja financiare t\u00eb matshme. Pjes\u00ebmarr\u00ebsit diskutuan se si kjo pabarazi ndikon n\u00eb t\u00eb ardhurat gjat\u00eb jet\u00ebs s\u00eb grave, sigurin\u00eb pensionale, stabilitetin e familjeve, konkurrueshm\u00ebrin\u00eb e bizneseve dhe rritjen ekonomike t\u00eb shtetit.<br \/>\nPaneli solli perspektiva t\u00eb ndryshme dhe u moderua nga Kristina Hadzhi-Vasileva, konsulente p\u00ebr zhvillim strategjik. Paneliste ishin Nikica Kusinikova nga KSO Connect, Biljana Petrovska \u2013 Mitrevska nga NAF dhe Makedonka Dimitrova, profesoresh\u00eb universitare dhe sip\u00ebrmarr\u00ebse.<\/p>\n<p><img loading=\"lazy\" decoding=\"async\" class=\"size-large wp-image-64160 aligncenter\" src=\"https:\/\/europehouse.mk\/wp-content\/uploads\/2026\/03\/wear-the-change-3-1024x682.jpg\" alt=\"\" width=\"640\" height=\"426\" srcset=\"https:\/\/europehouse.mk\/wp-content\/uploads\/2026\/03\/wear-the-change-3-1024x682.jpg 1024w, https:\/\/europehouse.mk\/wp-content\/uploads\/2026\/03\/wear-the-change-3-300x200.jpg 300w, https:\/\/europehouse.mk\/wp-content\/uploads\/2026\/03\/wear-the-change-3-768x512.jpg 768w, https:\/\/europehouse.mk\/wp-content\/uploads\/2026\/03\/wear-the-change-3-1536x1024.jpg 1536w, https:\/\/europehouse.mk\/wp-content\/uploads\/2026\/03\/wear-the-change-3-2048x1365.jpg 2048w\" sizes=\"auto, (max-width: 640px) 100vw, 640px\" \/><\/p>\n<p>Diskutimi u fokusua n\u00eb koston ekonomike t\u00eb pabarazis\u00eb gjinore, vler\u00ebn e pun\u00ebs s\u00eb papaguar t\u00eb kujdesit dhe pasojat e hendekut gjinor n\u00eb paga si dhe nd\u00ebrprerjet n\u00eb karrier\u00eb. Pjes\u00ebmarr\u00ebsit diskutuan edhe p\u00ebr barrierat strukturore q\u00eb kufizojn\u00eb p\u00ebrparimin ekonomik t\u00eb grave, si kultura e pun\u00ebs, qasja n\u00eb kujdes p\u00ebr f\u00ebmij\u00ebt dhe pron\u00ebsia e pabarabart\u00eb mbi pasurin\u00eb, si dhe p\u00ebr rolin e legjislacionit dhe standardeve korporative n\u00eb zvog\u00eblimin e k\u00ebtyre dallimeve. Debati p\u00ebrfundoi me reflektime mbi zgjidhjet e mundshme dhe p\u00ebrgjegj\u00ebsit\u00eb e institucioneve, sektorit t\u00eb biznesit dhe shoq\u00ebris\u00eb.<\/p>\n<p><img loading=\"lazy\" decoding=\"async\" class=\"size-large wp-image-64166 aligncenter\" src=\"https:\/\/europehouse.mk\/wp-content\/uploads\/2026\/03\/IKO_6935-1024x683.jpg\" alt=\"\" width=\"640\" height=\"427\" srcset=\"https:\/\/europehouse.mk\/wp-content\/uploads\/2026\/03\/IKO_6935-1024x683.jpg 1024w, https:\/\/europehouse.mk\/wp-content\/uploads\/2026\/03\/IKO_6935-300x200.jpg 300w, https:\/\/europehouse.mk\/wp-content\/uploads\/2026\/03\/IKO_6935-768x512.jpg 768w, https:\/\/europehouse.mk\/wp-content\/uploads\/2026\/03\/IKO_6935-1536x1024.jpg 1536w, https:\/\/europehouse.mk\/wp-content\/uploads\/2026\/03\/IKO_6935-2048x1365.jpg 2048w\" sizes=\"auto, (max-width: 640px) 100vw, 640px\" \/><\/p>\n<p>Ngjarja sh\u00ebnoi gjithashtu fillimin e fushat\u00ebs \u201cVishe ndryshimin\u201d (Wear the Change), nj\u00eb iniciativ\u00eb vjetore e udh\u00ebhequr nga Europe House, Delegacioni i Bashkimit Evropian dhe ambasadat e vendeve an\u00ebtare t\u00eb BE-s\u00eb. Fushata vendos n\u00eb fokus pabarazit\u00eb strukturore dhe barr\u00ebn e pun\u00ebs s\u00eb papaguar q\u00eb mbajn\u00eb grat\u00eb. Edhe pse nisi n\u00eb kuad\u00ebr t\u00eb sh\u00ebnimit t\u00eb Dit\u00ebs Nd\u00ebrkomb\u00ebtare t\u00eb Gruas, iniciativa do ta mbaj\u00eb tem\u00ebn n\u00eb fokus gjat\u00eb gjith\u00eb vitit p\u00ebrmes nj\u00eb serie debatesh, pun\u00ebtorish, ngjarjesh kulturore dhe diskutimesh publike t\u00eb organizuara n\u00eb rrjetin e Europe House, me pjes\u00ebmarrjen e #TeamEurope .<\/p>\n<p><img loading=\"lazy\" decoding=\"async\" class=\"alignnone size-medium wp-image-64169\" src=\"https:\/\/europehouse.mk\/wp-content\/uploads\/2026\/03\/MG_1424-300x200.jpg\" alt=\"\" width=\"300\" height=\"200\" srcset=\"https:\/\/europehouse.mk\/wp-content\/uploads\/2026\/03\/MG_1424-300x200.jpg 300w, https:\/\/europehouse.mk\/wp-content\/uploads\/2026\/03\/MG_1424-1024x683.jpg 1024w, https:\/\/europehouse.mk\/wp-content\/uploads\/2026\/03\/MG_1424-768x512.jpg 768w, https:\/\/europehouse.mk\/wp-content\/uploads\/2026\/03\/MG_1424-1536x1024.jpg 1536w, https:\/\/europehouse.mk\/wp-content\/uploads\/2026\/03\/MG_1424-2048x1365.jpg 2048w\" sizes=\"auto, (max-width: 300px) 100vw, 300px\" \/> <img loading=\"lazy\" decoding=\"async\" class=\"alignnone size-medium wp-image-64172\" src=\"https:\/\/europehouse.mk\/wp-content\/uploads\/2026\/03\/MG_1460-300x200.jpg\" alt=\"\" width=\"300\" height=\"200\" srcset=\"https:\/\/europehouse.mk\/wp-content\/uploads\/2026\/03\/MG_1460-300x200.jpg 300w, https:\/\/europehouse.mk\/wp-content\/uploads\/2026\/03\/MG_1460-1024x683.jpg 1024w, https:\/\/europehouse.mk\/wp-content\/uploads\/2026\/03\/MG_1460-768x512.jpg 768w, https:\/\/europehouse.mk\/wp-content\/uploads\/2026\/03\/MG_1460-1536x1024.jpg 1536w, https:\/\/europehouse.mk\/wp-content\/uploads\/2026\/03\/MG_1460-2048x1365.jpg 2048w\" sizes=\"auto, (max-width: 300px) 100vw, 300px\" \/> <img loading=\"lazy\" decoding=\"async\" class=\"alignnone size-medium wp-image-64175\" src=\"https:\/\/europehouse.mk\/wp-content\/uploads\/2026\/03\/MG_1471-300x200.jpg\" alt=\"\" width=\"300\" height=\"200\" srcset=\"https:\/\/europehouse.mk\/wp-content\/uploads\/2026\/03\/MG_1471-300x200.jpg 300w, https:\/\/europehouse.mk\/wp-content\/uploads\/2026\/03\/MG_1471-1024x683.jpg 1024w, https:\/\/europehouse.mk\/wp-content\/uploads\/2026\/03\/MG_1471-768x512.jpg 768w, https:\/\/europehouse.mk\/wp-content\/uploads\/2026\/03\/MG_1471-1536x1024.jpg 1536w, https:\/\/europehouse.mk\/wp-content\/uploads\/2026\/03\/MG_1471-2048x1365.jpg 2048w\" sizes=\"auto, (max-width: 300px) 100vw, 300px\" \/> <img loading=\"lazy\" decoding=\"async\" class=\"alignnone size-medium wp-image-64178\" src=\"https:\/\/europehouse.mk\/wp-content\/uploads\/2026\/03\/IKO_6861-300x200.jpg\" alt=\"\" width=\"300\" height=\"200\" srcset=\"https:\/\/europehouse.mk\/wp-content\/uploads\/2026\/03\/IKO_6861-300x200.jpg 300w, https:\/\/europehouse.mk\/wp-content\/uploads\/2026\/03\/IKO_6861-1024x683.jpg 1024w, https:\/\/europehouse.mk\/wp-content\/uploads\/2026\/03\/IKO_6861-768x512.jpg 768w, https:\/\/europehouse.mk\/wp-content\/uploads\/2026\/03\/IKO_6861-1536x1024.jpg 1536w, https:\/\/europehouse.mk\/wp-content\/uploads\/2026\/03\/IKO_6861-2048x1365.jpg 2048w\" sizes=\"auto, (max-width: 300px) 100vw, 300px\" \/> <img loading=\"lazy\" decoding=\"async\" class=\"alignnone size-medium wp-image-64181\" src=\"https:\/\/europehouse.mk\/wp-content\/uploads\/2026\/03\/IKO_6936-300x200.jpg\" alt=\"\" width=\"300\" height=\"200\" srcset=\"https:\/\/europehouse.mk\/wp-content\/uploads\/2026\/03\/IKO_6936-300x200.jpg 300w, https:\/\/europehouse.mk\/wp-content\/uploads\/2026\/03\/IKO_6936-1024x683.jpg 1024w, https:\/\/europehouse.mk\/wp-content\/uploads\/2026\/03\/IKO_6936-768x512.jpg 768w, https:\/\/europehouse.mk\/wp-content\/uploads\/2026\/03\/IKO_6936-1536x1024.jpg 1536w, https:\/\/europehouse.mk\/wp-content\/uploads\/2026\/03\/IKO_6936-2048x1365.jpg 2048w\" sizes=\"auto, (max-width: 300px) 100vw, 300px\" \/> <img loading=\"lazy\" decoding=\"async\" class=\"alignnone size-medium wp-image-64184\" src=\"https:\/\/europehouse.mk\/wp-content\/uploads\/2026\/03\/IKO_7109-300x200.jpg\" alt=\"\" width=\"300\" height=\"200\" srcset=\"https:\/\/europehouse.mk\/wp-content\/uploads\/2026\/03\/IKO_7109-300x200.jpg 300w, https:\/\/europehouse.mk\/wp-content\/uploads\/2026\/03\/IKO_7109-1024x683.jpg 1024w, https:\/\/europehouse.mk\/wp-content\/uploads\/2026\/03\/IKO_7109-768x512.jpg 768w, https:\/\/europehouse.mk\/wp-content\/uploads\/2026\/03\/IKO_7109-1536x1024.jpg 1536w, https:\/\/europehouse.mk\/wp-content\/uploads\/2026\/03\/IKO_7109-2048x1365.jpg 2048w\" sizes=\"auto, (max-width: 300px) 100vw, 300px\" \/><\/p>\n<p>&nbsp;<\/p>\n<p>&nbsp;<\/p>\n<p>&nbsp;<\/p>\n","protected":false},"excerpt":{"rendered":"<p>Panel diskutimi n\u00eb Europe House Shkup bashkoi p\u00ebrfaq\u00ebsues nga sektori civil, akademia dhe komuniteti i biznesit. Q\u00ebllimi ishte t\u00eb identifikohen mang\u00ebsit\u00eb strukturore ekonomike me t\u00eb cilat p\u00ebrballen grat\u00eb n\u00eb Maqedonin\u00eb e Veriut dhe ndikimi financiar q\u00eb pabarazia gjinore ka mbi shoq\u00ebrin\u00eb. Ngjarja, me titull \u201cKush e paguan fatur\u00ebn? \u00c7mimi i pabarazis\u00eb\u201d, sh\u00ebnoi fillimin e fushat\u00ebs [&hellip;]<\/p>\n","protected":false},"author":2,"featured_media":64188,"comment_status":"closed","ping_status":"closed","sticky":false,"template":"","format":"standard","meta":{"inline_featured_image":false,"footnotes":""},"categories":[256],"tags":[],"class_list":["post-64199","post","type-post","status-publish","format-standard","has-post-thumbnail","hentry","category-news-sq"],"yoast_head":"<!-- This site is optimized with the Yoast SEO plugin v27.2 - https:\/\/yoast.com\/product\/yoast-seo-wordpress\/ -->\n<title>KUSH E PAGUAN \u00c7MIMIN E PABARAZIS\u00cb? - Europe House<\/title>\n<meta name=\"robots\" content=\"index, follow, max-snippet:-1, max-image-preview:large, max-video-preview:-1\" \/>\n<link rel=\"canonical\" href=\"https:\/\/europehouse.mk\/sq\/\u043a\u043e\u0458-\u0458\u0430-\u043f\u043b\u0430\u045c\u0430-\u0441\u043c\u0435\u0442\u043a\u0430\u0442\u0430\/\" \/>\n<meta property=\"og:locale\" content=\"sq_AL\" \/>\n<meta property=\"og:type\" content=\"article\" \/>\n<meta property=\"og:title\" content=\"KUSH E PAGUAN \u00c7MIMIN E PABARAZIS\u00cb? - Europe House\" \/>\n<meta property=\"og:description\" content=\"Panel diskutimi n\u00eb Europe House Shkup bashkoi p\u00ebrfaq\u00ebsues nga sektori civil, akademia dhe komuniteti i biznesit. Q\u00ebllimi ishte t\u00eb identifikohen mang\u00ebsit\u00eb strukturore ekonomike me t\u00eb cilat p\u00ebrballen grat\u00eb n\u00eb Maqedonin\u00eb e Veriut dhe ndikimi financiar q\u00eb pabarazia gjinore ka mbi shoq\u00ebrin\u00eb. Ngjarja, me titull \u201cKush e paguan fatur\u00ebn? \u00c7mimi i pabarazis\u00eb\u201d, sh\u00ebnoi fillimin e fushat\u00ebs [&hellip;]\" \/>\n<meta property=\"og:url\" content=\"https:\/\/europehouse.mk\/sq\/\u043a\u043e\u0458-\u0458\u0430-\u043f\u043b\u0430\u045c\u0430-\u0441\u043c\u0435\u0442\u043a\u0430\u0442\u0430\/\" \/>\n<meta property=\"og:site_name\" content=\"Europe House\" \/>\n<meta property=\"article:published_time\" content=\"2026-03-10T12:39:31+00:00\" \/>\n<meta property=\"article:modified_time\" content=\"2026-03-10T14:21:59+00:00\" \/>\n<meta property=\"og:image\" content=\"https:\/\/europehouse.mk\/wp-content\/uploads\/2026\/03\/IKO_6996-scaled.jpg\" \/>\n\t<meta property=\"og:image:width\" content=\"2560\" \/>\n\t<meta property=\"og:image:height\" content=\"1707\" \/>\n\t<meta property=\"og:image:type\" content=\"image\/jpeg\" \/>\n<meta name=\"author\" content=\"milan\" \/>\n<meta name=\"twitter:card\" content=\"summary_large_image\" \/>\n<meta name=\"twitter:label1\" content=\"Written by\" \/>\n\t<meta name=\"twitter:data1\" content=\"milan\" \/>\n\t<meta name=\"twitter:label2\" content=\"Est. reading time\" \/>\n\t<meta name=\"twitter:data2\" content=\"5 minutes\" \/>\n<script type=\"application\/ld+json\" class=\"yoast-schema-graph\">{\"@context\":\"https:\/\/schema.org\",\"@graph\":[{\"@type\":\"Article\",\"@id\":\"https:\/\/europehouse.mk\/sq\/%d0%ba%d0%be%d1%98-%d1%98%d0%b0-%d0%bf%d0%bb%d0%b0%d1%9c%d0%b0-%d1%81%d0%bc%d0%b5%d1%82%d0%ba%d0%b0%d1%82%d0%b0\/#article\",\"isPartOf\":{\"@id\":\"https:\/\/europehouse.mk\/sq\/%d0%ba%d0%be%d1%98-%d1%98%d0%b0-%d0%bf%d0%bb%d0%b0%d1%9c%d0%b0-%d1%81%d0%bc%d0%b5%d1%82%d0%ba%d0%b0%d1%82%d0%b0\/\"},\"author\":{\"name\":\"milan\",\"@id\":\"https:\/\/europehouse.mk\/#\/schema\/person\/aa6e2d6a08fe131701ee5067911abb2c\"},\"headline\":\"KUSH E PAGUAN \u00c7MIMIN E PABARAZIS\u00cb?\",\"datePublished\":\"2026-03-10T12:39:31+00:00\",\"dateModified\":\"2026-03-10T14:21:59+00:00\",\"mainEntityOfPage\":{\"@id\":\"https:\/\/europehouse.mk\/sq\/%d0%ba%d0%be%d1%98-%d1%98%d0%b0-%d0%bf%d0%bb%d0%b0%d1%9c%d0%b0-%d1%81%d0%bc%d0%b5%d1%82%d0%ba%d0%b0%d1%82%d0%b0\/\"},\"wordCount\":493,\"publisher\":{\"@id\":\"https:\/\/europehouse.mk\/#organization\"},\"image\":{\"@id\":\"https:\/\/europehouse.mk\/sq\/%d0%ba%d0%be%d1%98-%d1%98%d0%b0-%d0%bf%d0%bb%d0%b0%d1%9c%d0%b0-%d1%81%d0%bc%d0%b5%d1%82%d0%ba%d0%b0%d1%82%d0%b0\/#primaryimage\"},\"thumbnailUrl\":\"https:\/\/europehouse.mk\/wp-content\/uploads\/2026\/03\/IKO_6996-scaled.jpg\",\"articleSection\":[\"News\"],\"inLanguage\":\"sq-AL\"},{\"@type\":\"WebPage\",\"@id\":\"https:\/\/europehouse.mk\/sq\/%d0%ba%d0%be%d1%98-%d1%98%d0%b0-%d0%bf%d0%bb%d0%b0%d1%9c%d0%b0-%d1%81%d0%bc%d0%b5%d1%82%d0%ba%d0%b0%d1%82%d0%b0\/\",\"url\":\"https:\/\/europehouse.mk\/sq\/%d0%ba%d0%be%d1%98-%d1%98%d0%b0-%d0%bf%d0%bb%d0%b0%d1%9c%d0%b0-%d1%81%d0%bc%d0%b5%d1%82%d0%ba%d0%b0%d1%82%d0%b0\/\",\"name\":\"KUSH E PAGUAN \u00c7MIMIN E PABARAZIS\u00cb? - Europe House\",\"isPartOf\":{\"@id\":\"https:\/\/europehouse.mk\/#website\"},\"primaryImageOfPage\":{\"@id\":\"https:\/\/europehouse.mk\/sq\/%d0%ba%d0%be%d1%98-%d1%98%d0%b0-%d0%bf%d0%bb%d0%b0%d1%9c%d0%b0-%d1%81%d0%bc%d0%b5%d1%82%d0%ba%d0%b0%d1%82%d0%b0\/#primaryimage\"},\"image\":{\"@id\":\"https:\/\/europehouse.mk\/sq\/%d0%ba%d0%be%d1%98-%d1%98%d0%b0-%d0%bf%d0%bb%d0%b0%d1%9c%d0%b0-%d1%81%d0%bc%d0%b5%d1%82%d0%ba%d0%b0%d1%82%d0%b0\/#primaryimage\"},\"thumbnailUrl\":\"https:\/\/europehouse.mk\/wp-content\/uploads\/2026\/03\/IKO_6996-scaled.jpg\",\"datePublished\":\"2026-03-10T12:39:31+00:00\",\"dateModified\":\"2026-03-10T14:21:59+00:00\",\"inLanguage\":\"sq-AL\",\"potentialAction\":[{\"@type\":\"ReadAction\",\"target\":[\"https:\/\/europehouse.mk\/sq\/%d0%ba%d0%be%d1%98-%d1%98%d0%b0-%d0%bf%d0%bb%d0%b0%d1%9c%d0%b0-%d1%81%d0%bc%d0%b5%d1%82%d0%ba%d0%b0%d1%82%d0%b0\/\"]}]},{\"@type\":\"ImageObject\",\"inLanguage\":\"sq-AL\",\"@id\":\"https:\/\/europehouse.mk\/sq\/%d0%ba%d0%be%d1%98-%d1%98%d0%b0-%d0%bf%d0%bb%d0%b0%d1%9c%d0%b0-%d1%81%d0%bc%d0%b5%d1%82%d0%ba%d0%b0%d1%82%d0%b0\/#primaryimage\",\"url\":\"https:\/\/europehouse.mk\/wp-content\/uploads\/2026\/03\/IKO_6996-scaled.jpg\",\"contentUrl\":\"https:\/\/europehouse.mk\/wp-content\/uploads\/2026\/03\/IKO_6996-scaled.jpg\",\"width\":2560,\"height\":1707},{\"@type\":\"WebSite\",\"@id\":\"https:\/\/europehouse.mk\/#website\",\"url\":\"https:\/\/europehouse.mk\/\",\"name\":\"Europe House\",\"description\":\"\u0422\u0443\u043a\u0430 \u0437\u0430 \u043c\u043b\u0430\u0434\u0438\u0442\u0435\",\"publisher\":{\"@id\":\"https:\/\/europehouse.mk\/#organization\"},\"potentialAction\":[{\"@type\":\"SearchAction\",\"target\":{\"@type\":\"EntryPoint\",\"urlTemplate\":\"https:\/\/europehouse.mk\/?s={search_term_string}\"},\"query-input\":{\"@type\":\"PropertyValueSpecification\",\"valueRequired\":true,\"valueName\":\"search_term_string\"}}],\"inLanguage\":\"sq-AL\"},{\"@type\":\"Organization\",\"@id\":\"https:\/\/europehouse.mk\/#organization\",\"name\":\"Europe House\",\"url\":\"https:\/\/europehouse.mk\/\",\"logo\":{\"@type\":\"ImageObject\",\"inLanguage\":\"sq-AL\",\"@id\":\"https:\/\/europehouse.mk\/#\/schema\/logo\/image\/\",\"url\":\"https:\/\/europehouse.mk\/wp-content\/uploads\/2025\/11\/cropped-EUROPE-HOUSE-FB-Profile-Picture-redisign-1-1.jpg\",\"contentUrl\":\"https:\/\/europehouse.mk\/wp-content\/uploads\/2025\/11\/cropped-EUROPE-HOUSE-FB-Profile-Picture-redisign-1-1.jpg\",\"width\":2246,\"height\":620,\"caption\":\"Europe House\"},\"image\":{\"@id\":\"https:\/\/europehouse.mk\/#\/schema\/logo\/image\/\"}},{\"@type\":\"Person\",\"@id\":\"https:\/\/europehouse.mk\/#\/schema\/person\/aa6e2d6a08fe131701ee5067911abb2c\",\"name\":\"milan\",\"image\":{\"@type\":\"ImageObject\",\"inLanguage\":\"sq-AL\",\"@id\":\"https:\/\/secure.gravatar.com\/avatar\/299db3b4b6f94903d3037b4ff9f36c339328bf67f6a94cd5d3e3fd1ed74f6480?s=96&d=mm&r=g\",\"url\":\"https:\/\/secure.gravatar.com\/avatar\/299db3b4b6f94903d3037b4ff9f36c339328bf67f6a94cd5d3e3fd1ed74f6480?s=96&d=mm&r=g\",\"contentUrl\":\"https:\/\/secure.gravatar.com\/avatar\/299db3b4b6f94903d3037b4ff9f36c339328bf67f6a94cd5d3e3fd1ed74f6480?s=96&d=mm&r=g\",\"caption\":\"milan\"},\"url\":\"https:\/\/europehouse.mk\/sq\/author\/milan\/\"}]}<\/script>\n<!-- \/ Yoast SEO plugin. -->","yoast_head_json":{"title":"KUSH E PAGUAN \u00c7MIMIN E PABARAZIS\u00cb? - Europe House","robots":{"index":"index","follow":"follow","max-snippet":"max-snippet:-1","max-image-preview":"max-image-preview:large","max-video-preview":"max-video-preview:-1"},"canonical":"https:\/\/europehouse.mk\/sq\/\u043a\u043e\u0458-\u0458\u0430-\u043f\u043b\u0430\u045c\u0430-\u0441\u043c\u0435\u0442\u043a\u0430\u0442\u0430\/","og_locale":"sq_AL","og_type":"article","og_title":"KUSH E PAGUAN \u00c7MIMIN E PABARAZIS\u00cb? - Europe House","og_description":"Panel diskutimi n\u00eb Europe House Shkup bashkoi p\u00ebrfaq\u00ebsues nga sektori civil, akademia dhe komuniteti i biznesit. Q\u00ebllimi ishte t\u00eb identifikohen mang\u00ebsit\u00eb strukturore ekonomike me t\u00eb cilat p\u00ebrballen grat\u00eb n\u00eb Maqedonin\u00eb e Veriut dhe ndikimi financiar q\u00eb pabarazia gjinore ka mbi shoq\u00ebrin\u00eb. Ngjarja, me titull \u201cKush e paguan fatur\u00ebn? \u00c7mimi i pabarazis\u00eb\u201d, sh\u00ebnoi fillimin e fushat\u00ebs [&hellip;]","og_url":"https:\/\/europehouse.mk\/sq\/\u043a\u043e\u0458-\u0458\u0430-\u043f\u043b\u0430\u045c\u0430-\u0441\u043c\u0435\u0442\u043a\u0430\u0442\u0430\/","og_site_name":"Europe House","article_published_time":"2026-03-10T12:39:31+00:00","article_modified_time":"2026-03-10T14:21:59+00:00","og_image":[{"width":2560,"height":1707,"url":"https:\/\/europehouse.mk\/wp-content\/uploads\/2026\/03\/IKO_6996-scaled.jpg","type":"image\/jpeg"}],"author":"milan","twitter_card":"summary_large_image","twitter_misc":{"Written by":"milan","Est. reading time":"5 minutes"},"schema":{"@context":"https:\/\/schema.org","@graph":[{"@type":"Article","@id":"https:\/\/europehouse.mk\/sq\/%d0%ba%d0%be%d1%98-%d1%98%d0%b0-%d0%bf%d0%bb%d0%b0%d1%9c%d0%b0-%d1%81%d0%bc%d0%b5%d1%82%d0%ba%d0%b0%d1%82%d0%b0\/#article","isPartOf":{"@id":"https:\/\/europehouse.mk\/sq\/%d0%ba%d0%be%d1%98-%d1%98%d0%b0-%d0%bf%d0%bb%d0%b0%d1%9c%d0%b0-%d1%81%d0%bc%d0%b5%d1%82%d0%ba%d0%b0%d1%82%d0%b0\/"},"author":{"name":"milan","@id":"https:\/\/europehouse.mk\/#\/schema\/person\/aa6e2d6a08fe131701ee5067911abb2c"},"headline":"KUSH E PAGUAN \u00c7MIMIN E PABARAZIS\u00cb?","datePublished":"2026-03-10T12:39:31+00:00","dateModified":"2026-03-10T14:21:59+00:00","mainEntityOfPage":{"@id":"https:\/\/europehouse.mk\/sq\/%d0%ba%d0%be%d1%98-%d1%98%d0%b0-%d0%bf%d0%bb%d0%b0%d1%9c%d0%b0-%d1%81%d0%bc%d0%b5%d1%82%d0%ba%d0%b0%d1%82%d0%b0\/"},"wordCount":493,"publisher":{"@id":"https:\/\/europehouse.mk\/#organization"},"image":{"@id":"https:\/\/europehouse.mk\/sq\/%d0%ba%d0%be%d1%98-%d1%98%d0%b0-%d0%bf%d0%bb%d0%b0%d1%9c%d0%b0-%d1%81%d0%bc%d0%b5%d1%82%d0%ba%d0%b0%d1%82%d0%b0\/#primaryimage"},"thumbnailUrl":"https:\/\/europehouse.mk\/wp-content\/uploads\/2026\/03\/IKO_6996-scaled.jpg","articleSection":["News"],"inLanguage":"sq-AL"},{"@type":"WebPage","@id":"https:\/\/europehouse.mk\/sq\/%d0%ba%d0%be%d1%98-%d1%98%d0%b0-%d0%bf%d0%bb%d0%b0%d1%9c%d0%b0-%d1%81%d0%bc%d0%b5%d1%82%d0%ba%d0%b0%d1%82%d0%b0\/","url":"https:\/\/europehouse.mk\/sq\/%d0%ba%d0%be%d1%98-%d1%98%d0%b0-%d0%bf%d0%bb%d0%b0%d1%9c%d0%b0-%d1%81%d0%bc%d0%b5%d1%82%d0%ba%d0%b0%d1%82%d0%b0\/","name":"KUSH E PAGUAN \u00c7MIMIN E PABARAZIS\u00cb? - Europe House","isPartOf":{"@id":"https:\/\/europehouse.mk\/#website"},"primaryImageOfPage":{"@id":"https:\/\/europehouse.mk\/sq\/%d0%ba%d0%be%d1%98-%d1%98%d0%b0-%d0%bf%d0%bb%d0%b0%d1%9c%d0%b0-%d1%81%d0%bc%d0%b5%d1%82%d0%ba%d0%b0%d1%82%d0%b0\/#primaryimage"},"image":{"@id":"https:\/\/europehouse.mk\/sq\/%d0%ba%d0%be%d1%98-%d1%98%d0%b0-%d0%bf%d0%bb%d0%b0%d1%9c%d0%b0-%d1%81%d0%bc%d0%b5%d1%82%d0%ba%d0%b0%d1%82%d0%b0\/#primaryimage"},"thumbnailUrl":"https:\/\/europehouse.mk\/wp-content\/uploads\/2026\/03\/IKO_6996-scaled.jpg","datePublished":"2026-03-10T12:39:31+00:00","dateModified":"2026-03-10T14:21:59+00:00","inLanguage":"sq-AL","potentialAction":[{"@type":"ReadAction","target":["https:\/\/europehouse.mk\/sq\/%d0%ba%d0%be%d1%98-%d1%98%d0%b0-%d0%bf%d0%bb%d0%b0%d1%9c%d0%b0-%d1%81%d0%bc%d0%b5%d1%82%d0%ba%d0%b0%d1%82%d0%b0\/"]}]},{"@type":"ImageObject","inLanguage":"sq-AL","@id":"https:\/\/europehouse.mk\/sq\/%d0%ba%d0%be%d1%98-%d1%98%d0%b0-%d0%bf%d0%bb%d0%b0%d1%9c%d0%b0-%d1%81%d0%bc%d0%b5%d1%82%d0%ba%d0%b0%d1%82%d0%b0\/#primaryimage","url":"https:\/\/europehouse.mk\/wp-content\/uploads\/2026\/03\/IKO_6996-scaled.jpg","contentUrl":"https:\/\/europehouse.mk\/wp-content\/uploads\/2026\/03\/IKO_6996-scaled.jpg","width":2560,"height":1707},{"@type":"WebSite","@id":"https:\/\/europehouse.mk\/#website","url":"https:\/\/europehouse.mk\/","name":"Europe House","description":"\u0422\u0443\u043a\u0430 \u0437\u0430 \u043c\u043b\u0430\u0434\u0438\u0442\u0435","publisher":{"@id":"https:\/\/europehouse.mk\/#organization"},"potentialAction":[{"@type":"SearchAction","target":{"@type":"EntryPoint","urlTemplate":"https:\/\/europehouse.mk\/?s={search_term_string}"},"query-input":{"@type":"PropertyValueSpecification","valueRequired":true,"valueName":"search_term_string"}}],"inLanguage":"sq-AL"},{"@type":"Organization","@id":"https:\/\/europehouse.mk\/#organization","name":"Europe House","url":"https:\/\/europehouse.mk\/","logo":{"@type":"ImageObject","inLanguage":"sq-AL","@id":"https:\/\/europehouse.mk\/#\/schema\/logo\/image\/","url":"https:\/\/europehouse.mk\/wp-content\/uploads\/2025\/11\/cropped-EUROPE-HOUSE-FB-Profile-Picture-redisign-1-1.jpg","contentUrl":"https:\/\/europehouse.mk\/wp-content\/uploads\/2025\/11\/cropped-EUROPE-HOUSE-FB-Profile-Picture-redisign-1-1.jpg","width":2246,"height":620,"caption":"Europe House"},"image":{"@id":"https:\/\/europehouse.mk\/#\/schema\/logo\/image\/"}},{"@type":"Person","@id":"https:\/\/europehouse.mk\/#\/schema\/person\/aa6e2d6a08fe131701ee5067911abb2c","name":"milan","image":{"@type":"ImageObject","inLanguage":"sq-AL","@id":"https:\/\/secure.gravatar.com\/avatar\/299db3b4b6f94903d3037b4ff9f36c339328bf67f6a94cd5d3e3fd1ed74f6480?s=96&d=mm&r=g","url":"https:\/\/secure.gravatar.com\/avatar\/299db3b4b6f94903d3037b4ff9f36c339328bf67f6a94cd5d3e3fd1ed74f6480?s=96&d=mm&r=g","contentUrl":"https:\/\/secure.gravatar.com\/avatar\/299db3b4b6f94903d3037b4ff9f36c339328bf67f6a94cd5d3e3fd1ed74f6480?s=96&d=mm&r=g","caption":"milan"},"url":"https:\/\/europehouse.mk\/sq\/author\/milan\/"}]}},"_links":{"self":[{"href":"https:\/\/europehouse.mk\/sq\/wp-json\/wp\/v2\/posts\/64199","targetHints":{"allow":["GET"]}}],"collection":[{"href":"https:\/\/europehouse.mk\/sq\/wp-json\/wp\/v2\/posts"}],"about":[{"href":"https:\/\/europehouse.mk\/sq\/wp-json\/wp\/v2\/types\/post"}],"author":[{"embeddable":true,"href":"https:\/\/europehouse.mk\/sq\/wp-json\/wp\/v2\/users\/2"}],"replies":[{"embeddable":true,"href":"https:\/\/europehouse.mk\/sq\/wp-json\/wp\/v2\/comments?post=64199"}],"version-history":[{"count":2,"href":"https:\/\/europehouse.mk\/sq\/wp-json\/wp\/v2\/posts\/64199\/revisions"}],"predecessor-version":[{"id":64201,"href":"https:\/\/europehouse.mk\/sq\/wp-json\/wp\/v2\/posts\/64199\/revisions\/64201"}],"wp:featuredmedia":[{"embeddable":true,"href":"https:\/\/europehouse.mk\/sq\/wp-json\/wp\/v2\/media\/64188"}],"wp:attachment":[{"href":"https:\/\/europehouse.mk\/sq\/wp-json\/wp\/v2\/media?parent=64199"}],"wp:term":[{"taxonomy":"category","embeddable":true,"href":"https:\/\/europehouse.mk\/sq\/wp-json\/wp\/v2\/categories?post=64199"},{"taxonomy":"post_tag","embeddable":true,"href":"https:\/\/europehouse.mk\/sq\/wp-json\/wp\/v2\/tags?post=64199"}],"curies":[{"name":"wp","href":"https:\/\/api.w.org\/{rel}","templated":true}]}}