{"id":63377,"date":"2025-09-22T16:06:54","date_gmt":"2025-09-22T16:06:54","guid":{"rendered":"https:\/\/europehouse.mk\/european-researchers-night\/"},"modified":"2025-10-02T13:25:19","modified_gmt":"2025-10-02T13:25:19","slug":"european-researchers-night","status":"publish","type":"post","link":"https:\/\/europehouse.mk\/sq\/european-researchers-night\/","title":{"rendered":"20 VJET NATA EVROPIANE E HULUMTUESVE"},"content":{"rendered":"<p>Delegacioni i BE-s\u00eb dhe Europe House dje, me nj\u00eb ngjarje n\u00eb hap\u00ebsirat e Diamond Mall, sh\u00ebnuan Nat\u00ebn Evropiane t\u00eb Hulumtuesve 2025. Ngjarja paraqiti hapin final nga nj\u00eb s\u00ebr\u00eb aktivitetesh q\u00eb Europe House i organizoi n\u00eb t\u00ebr\u00eb vendin. K\u00ebt\u00eb vit \u00ebsht\u00eb jubilar p\u00ebr shkenc\u00ebn, pasi n\u00eb t\u00ebr\u00eb Evrop\u00ebn sh\u00ebnohen 20 vjet nga Nata Evropiane e Hulumtuesve, gj\u00eb q\u00eb e b\u00ebn vitin 2025 nj\u00eb moment t\u00eb r\u00ebnd\u00ebsish\u00ebm n\u00eb promovimin e shkenc\u00ebs. Pik\u00ebrisht p\u00ebr k\u00ebt\u00eb arsye, ngjarja kryesore e k\u00ebtij viti, ekspozita\u00a0<strong>\u201cCERN dhe Universi: Shkenca q\u00eb na lidh\u201d<\/strong>, u realizua n\u00eb bashk\u00ebpunim me nj\u00eb nga institucionet m\u00eb t\u00eb r\u00ebnd\u00ebsishme shkencore bot\u00ebrore \u2013 CERN-in, qendra udh\u00ebheq\u00ebse p\u00ebr fizik\u00eb b\u00ebrthamore dhe grimcave, si dhe me Institutin e Fizik\u00ebs pran\u00eb Fakultetit t\u00eb Shkencave Matematiko-Natyrore n\u00eb Shkup.<\/p>\n<p><img loading=\"lazy\" decoding=\"async\" class=\"aligncenter\" src=\"https:\/\/scontent.fskp4-1.fna.fbcdn.net\/v\/t39.30808-6\/557333658_1235524355285200_6274734643517554149_n.jpg?_nc_cat=111&amp;ccb=1-7&amp;_nc_sid=f727a1&amp;_nc_ohc=kNV93HksN30Q7kNvwEVQczb&amp;_nc_oc=AdnJGhhgPy4qMEJ-mGYNJE467NJBp9YEvgbs3WQyvQS8otyKvkWz9w3G9rkz8ieX_XM&amp;_nc_zt=23&amp;_nc_ht=scontent.fskp4-1.fna&amp;_nc_gid=CsmETXwe4xAmvxz0-0izmg&amp;oh=00_AfZVQ89verfyZNe3eqFo61ejnjlXROkSW7MKDrUewlFgEw&amp;oe=68E07C5E\" alt=\"May be an image of 5 people and crowd\" width=\"660\" height=\"439\" \/><\/p>\n<p>Gjat\u00eb hapjes s\u00eb ekspozit\u00ebs fol\u00ebn ambasadori i BE-s\u00eb, Sh.T. Michaelis Rokas, prof. dr. Mimoza Ristovska nga Instituti i Fizik\u00ebs pran\u00eb FSHMN-s\u00eb, dr. Tadeush Kurtika nga CERN, si dhe Jan Stojanovski, student i FSHMN-s\u00eb, i njohur nd\u00ebrkomb\u00ebtarisht p\u00ebr fizik\u00eb dhe matematik\u00eb dhe p\u00ebrfaq\u00ebsues i gjenerat\u00ebs s\u00eb re t\u00eb hulumtuesve t\u00eb rinj.\u00a0<strong>Ambasadori Rokas<\/strong>\u00a0n\u00eb fjalimin e tij theksoi:\u00a0<em>\u201cQ\u00ebllimi i k\u00ebtij aktiviteti \u00ebsht\u00eb t\u00eb ndez\u00eb kureshtjen tek t\u00eb rinjt\u00eb dhe t\u2019i inkurajoj\u00eb ata t\u00eb synojn\u00eb nj\u00eb karrier\u00eb n\u00eb shkenc\u00eb dhe teknologji. P\u00ebrmes ekspozitave si kjo, tregojm\u00eb se shkenca nuk \u00ebsht\u00eb di\u00e7ka abstrakte \u2013 ajo \u00ebsht\u00eb e gjall\u00eb, nj\u00eb praktik\u00eb e gjall\u00eb q\u00eb ndikon tek t\u00eb gjith\u00eb ne.\u00a0N\u00eb nj\u00eb koh\u00eb kur dezinformimi dhe teorit\u00eb e konspiracionit shpesh dominojn\u00eb diskursin publik, iniciativa t\u00eb tilla d\u00ebshmojn\u00eb p\u00ebrkushtimin e BE-s\u00eb ndaj njohurive t\u00eb bazuara n\u00eb fakte dhe mendimit kritik. Si\u00e7 thoshte fizikantja dhe kimistja e njohur polako-franceze, fituese e \u00c7mimit Nobel, Maria Sklodovska-Kiri: \u2018Asgj\u00eb n\u00eb jet\u00eb nuk duhet t\u00eb frik\u00ebsoj\u00eb, duhet vet\u00ebm t\u00eb kuptohet. Tani \u00ebsht\u00eb koha t\u00eb kuptojm\u00eb m\u00eb shum\u00eb, n\u00eb m\u00ebnyr\u00eb q\u00eb t\u00eb frik\u00ebsohemi m\u00eb pak.\u2019\u201d\u00a0<\/em><strong>Dr. Tadeush Kurtika<\/strong>\u00a0nga CERN shtoi:\u00a0<em>\u201cDo t\u00eb d\u00ebshiroja t\u00eb shpreh mir\u00ebnjohjen time ndaj Europe House dhe komunitetit shkencor nga Shkupi p\u00ebr vendimin q\u00eb ky aktivitet, si pjes\u00eb e Nat\u00ebs Evropiane t\u00eb Hulumtuesve, t\u2019i kushtohet ekspozit\u00ebs p\u00ebr CERN. Shpresoj q\u00eb kjo ekspozit\u00eb, qoft\u00eb edhe n\u00eb nj\u00eb mas\u00eb t\u00eb vog\u00ebl, t\u00eb kontribuoj\u00eb n\u00eb aktivitetet e Europe House q\u00eb mb\u00ebshtesin an\u00ebtar\u00ebsimin e vendit tuaj n\u00eb Bashkimin Evropian dhe promovojn\u00eb prioritetet dhe aktivitetet e destinuara p\u00ebr gjenerat\u00ebn e re. Sinqerisht shpresoj q\u00eb kjo ekspozit\u00eb t\u00eb jet\u00eb nj\u00eb ur\u00eb p\u00ebr thellimin e lidhjeve dhe forcimin e bashk\u00ebpunimit midis CERN-it dhe shkenc\u00ebtar\u00ebve\u00a0<\/em><em>t\u00eb vednit<\/em><em>, dhe m\u00eb lejoni t\u00eb shtoj se n\u00eb CERN gjithmon\u00eb do t\u00eb jemi t\u00eb lumtur t\u2019ju kemi si mysafir\u00eb tan\u00eb!\u201d\u00a0<\/em><strong>Prof. dr. Mimoza Ristovska<\/strong>, e cila gjat\u00eb vitit 2020 q\u00ebndroi n\u00eb CERN n\u00eb Gjenev\u00eb, theksoi:\u00a0<em>\u201cNd\u00ebrsa sot n\u00eb k\u00ebt\u00eb ekspozit\u00eb shohim rezultatet shkencore dhe teknologjit\u00eb q\u00eb kan\u00eb dal\u00eb nga CERN p\u00ebr t\u00eb mir\u00ebn e njer\u00ebzimit, le t\u00eb kujtojm\u00eb se pas tyre q\u00ebndron fryma evropiane e bashk\u00ebpunimit midis popujve, q\u00eb dikush me kujdes e ka mbjell\u00eb.\u201d\u00a0<\/em><strong>Jan Stojanovski<\/strong>, student dhe hulumtues i ri, deklaroi:\u00a0<em>\u201cJam ve\u00e7an\u00ebrisht krenar q\u00eb edhe n\u00eb vendin ton\u00eb ka shkenc\u00ebtar\u00eb q\u00eb punojn\u00eb n\u00eb fusha t\u00eb ndryshme dhe q\u00eb jan\u00eb pjes\u00eb e ekipeve nd\u00ebrkomb\u00ebtare. Nga pjes\u00ebmarrjet n\u00eb gara kam par\u00eb se ka shum\u00eb t\u00eb rinj q\u00eb jan\u00eb t\u00eb gatsh\u00ebm t\u2019ia kushtojn\u00eb jet\u00ebn shkenc\u00ebs. Shpresoj q\u00eb ata t\u00eb vazhdojn\u00eb n\u00eb at\u00eb rrug\u00eb dhe ta zhvillojn\u00eb k\u00ebt\u00eb thirrje fisnike.\u201d<\/em><\/p>\n<p>N\u00eb dy jav\u00ebt e ardhshme, ekspozita\u00a0<strong>\u201cCERN dhe Universi: Shkenca q\u00eb na lidh\u201d<\/strong>\u00a0do t\u2019u ofroj\u00eb vizitor\u00ebve mund\u00ebsin\u00eb t\u00eb eksplorojn\u00eb historin\u00eb e universit dhe fizik\u00ebn e grimcave, t\u00eb marrin pjes\u00eb n\u00eb sh\u00ebtitje virtuale n\u00ebp\u00ebr p\u00ebrshpejtuesin e CERN-it dhe t\u00eb vizitojn\u00eb k\u00ebndin shkencor p\u00ebr f\u00ebmij\u00eb, ku p\u00ebrmes loj\u00ebs do t\u00eb njihen me atomet dhe sistemin periodik.<\/p>\n<p>&nbsp;<\/p>\n<p><img loading=\"lazy\" decoding=\"async\" class=\"aligncenter\" src=\"https:\/\/scontent.fskp4-1.fna.fbcdn.net\/v\/t39.30808-6\/557599689_1235524121951890_1725739157130101037_n.jpg?_nc_cat=111&amp;ccb=1-7&amp;_nc_sid=f727a1&amp;_nc_ohc=pPmm9brdj5AQ7kNvwETQhUG&amp;_nc_oc=AdkInb53RmD0jpHkBN45IsYwO4hwPg9izT0EmgIvbXUdIxTJL6nZgiQ-s7yjldlUAYw&amp;_nc_zt=23&amp;_nc_ht=scontent.fskp4-1.fna&amp;_nc_gid=nnJCxifzdbOHDD1fkV1AMA&amp;oh=00_AfaJ1AjswOhQ5lOsk-ut8tTxg7MYclNQfKiC3KL9UwLOwA&amp;oe=68E06441\" alt=\"May be an image of 2 people, television, newsroom and text\" width=\"640\" height=\"426\" \/><\/p>\n<p><img loading=\"lazy\" decoding=\"async\" class=\"aligncenter\" src=\"https:\/\/scontent.fskp4-2.fna.fbcdn.net\/v\/t39.30808-6\/555531957_1235523185285317_2522395351946987469_n.jpg?_nc_cat=109&amp;ccb=1-7&amp;_nc_sid=f727a1&amp;_nc_ohc=-a070ZMtWzcQ7kNvwHN7Qgw&amp;_nc_oc=AdkvpMERJgjWpVR4M7pdwxZeDypkUs2GNqkH8yArMiaNrpAaBtiPQhNxTfxseYpKoYA&amp;_nc_zt=23&amp;_nc_ht=scontent.fskp4-2.fna&amp;_nc_gid=T5fVUOFQ47sboLhSqsxoZA&amp;oh=00_AfaiIgu5N5cS6CxqYUW9_gCXK_lTsUh5iXFUKRDflbXlFw&amp;oe=68E06CF4\" alt=\"May be an image of 1 person and text\" width=\"637\" height=\"424\" \/><\/p>\n<p><img loading=\"lazy\" decoding=\"async\" class=\"aligncenter\" src=\"https:\/\/scontent.fskp4-1.fna.fbcdn.net\/v\/t39.30808-6\/555500200_1235522861952016_1294975312323099287_n.jpg?_nc_cat=103&amp;ccb=1-7&amp;_nc_sid=f727a1&amp;_nc_ohc=2CZJPuMkf34Q7kNvwH3Pi8N&amp;_nc_oc=AdmlCRk0LrHjJG1nIx_PUSLr_bhoeDas0rt0MbvK5peOgE3E6VG63P3UWV_ePWfuFGY&amp;_nc_zt=23&amp;_nc_ht=scontent.fskp4-1.fna&amp;_nc_gid=rZuzQ5D-FMn5cyFp-S1u8g&amp;oh=00_AfaxZOJ5qzjLX5iYG2SQfwBx2ZyHKMywGnS9YktfEM3qZA&amp;oe=68E06B25\" alt=\"May be an image of 3 people and newsroom\" width=\"644\" height=\"429\" \/><\/p>\n<p>&nbsp;<\/p>\n<p><img loading=\"lazy\" decoding=\"async\" class=\"alignleft\" src=\"https:\/\/scontent.fskp4-1.fna.fbcdn.net\/v\/t39.30808-6\/555695306_1235523288618640_7081673746542344619_n.jpg?_nc_cat=107&amp;ccb=1-7&amp;_nc_sid=f727a1&amp;_nc_ohc=bQielfOsqQgQ7kNvwG5aYB5&amp;_nc_oc=AdlqzxTuo1ob17rKWkaZgiUjfJtNlYl4td0OQOcocgG-9rFoyGRYWZ-zm9Db6aBhTH8&amp;_nc_zt=23&amp;_nc_ht=scontent.fskp4-1.fna&amp;_nc_gid=ApreSVIcF8hPWar-i0L7aA&amp;oh=00_AfaEAtbVAHsI-uFCl4RHvNYlht4_whvsU_0cnZXK6iCoZg&amp;oe=68E07D7F\" alt=\"May be an image of 3 people and text\" width=\"381\" height=\"254\" \/><\/p>\n<p><img loading=\"lazy\" decoding=\"async\" class=\"alignright\" src=\"https:\/\/scontent.fskp4-2.fna.fbcdn.net\/v\/t39.30808-6\/556376034_1235523658618603_3146166896402270978_n.jpg?_nc_cat=110&amp;ccb=1-7&amp;_nc_sid=f727a1&amp;_nc_ohc=Pd9R1pDT09QQ7kNvwFvMAM1&amp;_nc_oc=Adnwlc2fv_WxPTpm4W62BDW8QLnQMYnPbqv0bUVPAfgLstrLZx8Uoo40ODozpMhfEH8&amp;_nc_zt=23&amp;_nc_ht=scontent.fskp4-2.fna&amp;_nc_gid=1iIATmQd6LOTOe4Al7qrRw&amp;oh=00_AfYXtVl0rCbgY6IgWRzYpDuNViM7kPffq9xd0n_2462Iiw&amp;oe=68E0776B\" alt=\"May be an image of 10 people, crowd and text\" width=\"378\" height=\"252\" \/><\/p>\n<p><img loading=\"lazy\" decoding=\"async\" class=\"aligncenter\" src=\"https:\/\/scontent.fskp4-2.fna.fbcdn.net\/v\/t39.30808-6\/557315120_1235524235285212_4769496761284781541_n.jpg?_nc_cat=108&amp;ccb=1-7&amp;_nc_sid=f727a1&amp;_nc_ohc=jKRD4z26l2EQ7kNvwFa7XKm&amp;_nc_oc=AdklTgTc7uLrWSDeFnfcFNavLJiyOGrIJDkzGDJag4KAwAKNw6a8UQtU3x_PpfuaMZg&amp;_nc_zt=23&amp;_nc_ht=scontent.fskp4-2.fna&amp;_nc_gid=l0JjN-K3Yxcn7vXbphGiTg&amp;oh=00_AfYabnOH4pdBuFl37bihNuTvHID4l7IDU33lIUeIH-31rA&amp;oe=68E0676E\" alt=\"May be an image of 5 people, crowd and text\" width=\"626\" height=\"417\" \/><\/p>\n<p>Aktivitete me rastin e Nat\u00ebs Evropiane t\u00eb Hulumtuesve u mbajt\u00ebn edhe n\u00eb Manastir, Strug\u00eb, Oh\u00ebr, Tetov\u00eb, Veles, Kriva Pallank\u00eb, Kumanov\u00eb dhe Strumic\u00eb, ku u realizuan programe paralele me iniciativa t\u00eb ndryshme, por t\u00eb gjitha n\u00eb frym\u00ebn e shkenc\u00ebs dhe k\u00ebrkimit. N\u00eb Manastir qytetar\u00ebt pat\u00ebn mund\u00ebsin\u00eb t\u00eb p\u00ebrjetojn\u00eb realitetin virtual, n\u00eb Strug\u00eb dhe Oh\u00ebr u organizuan aktivitete n\u00ebn moton\u00a0\u201cShkenc\u00eb buz\u00eb bregut\u201d, n\u00eb Strumic\u00eb f\u00ebmij\u00ebt dhe nx\u00ebn\u00ebsit e shkollave t\u00eb mesme u p\u00ebrfshin\u00eb n\u00eb krijimin e eksperimenteve shkencore, nd\u00ebrsa n\u00eb Veles u realizua nj\u00eb \u201cgjueti thesaresh\u201d shkencore. N\u00eb Kriva Pallank\u00eb dhe Kumanov\u00eb nx\u00ebn\u00ebsit mor\u00ebn pjes\u00eb n\u00eb sesione laboratorike dhe n\u00eb fund fituan nj\u00eb \u201cpasaport\u00eb p\u00ebr shkenc\u00ebtar t\u00eb ri\u201d. N\u00eb shkollat rurale t\u00eb rajonit t\u00eb Tetov\u00ebs t\u00eb rinjt\u00eb u p\u00ebrfshin\u00eb n\u00eb pun\u00ebtori laboratorike, nd\u00ebrsa \u00ebsht\u00eb planifikuar q\u00eb p\u00ebrmes Europe House, nx\u00ebn\u00ebs nga Ko\u00e7ani t\u00eb udh\u00ebtojn\u00eb drejt Shkupit p\u00ebr t\u00eb vizituar ekspozit\u00ebn e CERN-it. Gjithashtu, n\u00eb kuad\u00ebr t\u00eb programit, \u00ebsht\u00eb planifikuar t\u00eb mbahet edhe nj\u00eb ngjarje tjet\u00ebr, m\u00eb sakt\u00ebsisht nj\u00eb master-klas nga dr. Tadeush Kurtika i CERN-it me tem\u00eb\u00a0<strong>\u201cCERN, P\u00ebrplas\u00ebsi i Madh i Hadron\u00ebve dhe p\u00ebrshpejtuesit e ardhsh\u00ebm t\u00eb grimcave\u201d<\/strong>, q\u00eb do t\u00eb realizohet n\u00eb hap\u00ebsirat e Fakultetit t\u00eb Shkencave Matematiko-Natyrore n\u00eb Shkup.<\/p>\n<p><img loading=\"lazy\" decoding=\"async\" class=\"aligncenter\" src=\"https:\/\/scontent.fskp4-2.fna.fbcdn.net\/v\/t39.30808-6\/556143403_122260471436221654_1562190790834667964_n.jpg?_nc_cat=108&amp;ccb=1-7&amp;_nc_sid=833d8c&amp;_nc_ohc=RPsk-A2CsIoQ7kNvwED7fsU&amp;_nc_oc=AdnYBcg7vwM_Wz5CFtIxmOrwg8Pg8GDhcfKiwbEPAX6qBRIcajTwV26Rg6bSXhxx5WQ&amp;_nc_zt=23&amp;_nc_ht=scontent.fskp4-2.fna&amp;_nc_gid=N62vlm1asA1_-Ysdtj9MJg&amp;oh=00_AfbyT6-6-KwmbLNiJeYum1ZczpaG2mk-4-tAVZpoBf7qiQ&amp;oe=68E0640D\" alt=\"May be an image of 4 people\" width=\"617\" height=\"412\" \/><\/p>\n<p><img loading=\"lazy\" decoding=\"async\" class=\"aligncenter\" src=\"https:\/\/scontent.fskp4-2.fna.fbcdn.net\/v\/t39.30808-6\/555927028_122266988486231225_770364808718934627_n.jpg?_nc_cat=101&amp;ccb=1-7&amp;_nc_sid=127cfc&amp;_nc_ohc=3pO8wKFUmzIQ7kNvwH_7ukH&amp;_nc_oc=Admetm4M-Qdy-lz7VIGtGj6aSrN1mW33cm55iSqZpm7JoGqoXAq5Kf4Enx_8FS2guic&amp;_nc_zt=23&amp;_nc_ht=scontent.fskp4-2.fna&amp;_nc_gid=wgFklCYuRzfKtLES2K3o0g&amp;oh=00_AfYRQqTQJzNsINbfdx5FMqlUTiBcLhp6kIwf8qSf6NKquw&amp;oe=68E0698D\" alt=\"May be an image of 5 people and people studying\" width=\"620\" height=\"413\" \/><\/p>\n<p><img loading=\"lazy\" decoding=\"async\" class=\"aligncenter\" src=\"https:\/\/scontent.fskp4-2.fna.fbcdn.net\/v\/t39.30808-6\/556092824_792184926904928_1324651073563696204_n.jpg?_nc_cat=109&amp;ccb=1-7&amp;_nc_sid=127cfc&amp;_nc_ohc=W6fi9_GbE3MQ7kNvwG_CP51&amp;_nc_oc=AdnwoK2Xl8AoJoF4CinHsXM5VOECYiRycgTmYmo_WPMTKYjYpe09UN9Q0qwf_SO1Kew&amp;_nc_zt=23&amp;_nc_ht=scontent.fskp4-2.fna&amp;_nc_gid=v7GHHC8HJOWVc6Ns6N-2qA&amp;oh=00_AfbTmLv-dbRTXJQDFn6PgFm0Ha5IafC76taSEmKVqk1mfw&amp;oe=68E04C3A\" alt=\"May be an image of 1 person\" width=\"617\" height=\"411\" \/><\/p>\n<p><img loading=\"lazy\" decoding=\"async\" class=\"aligncenter\" src=\"https:\/\/scontent.fskp4-2.fna.fbcdn.net\/v\/t51.82787-15\/554412826_17964146771970909_7831101421547034270_n.jpg?_nc_cat=101&amp;ccb=1-7&amp;_nc_sid=127cfc&amp;_nc_ohc=dna-CGrL8UEQ7kNvwHJTmmy&amp;_nc_oc=AdnAKP90iaojEv6nw3IcwP6nb53GZXagA59iYGRHIWqv3ZZbr_CU_bXLzAEn3I2nA3I&amp;_nc_zt=23&amp;_nc_ht=scontent.fskp4-2.fna&amp;_nc_gid=XyMzvAPY0fRj0td4MtG0fw&amp;oh=00_AfawvroMruj1gREBNKVwxIj72A8TIIPUxAclY03_5m42LA&amp;oe=68E055AF\" alt=\"May be an image of 5 people, speaker, crowd and text that says 'TICON W HOU\u0160E HOUSE'\" width=\"617\" height=\"411\" \/><\/p>\n<p>Me sh\u00ebnimin e Nat\u00ebs Evropiane t\u00eb Hulumtuesve dhe partneritetin me CERN-in dhe Institutin e Fizik\u00ebs pran\u00eb FSHMN-s\u00eb, Delegacioni i BE-s\u00eb dhe Europe House edhe nj\u00eb her\u00eb e theksuan p\u00ebrkushtimin e tyre t\u00eb fort\u00eb ndaj shkenc\u00ebs, k\u00ebrkimit dhe inovacionit. P\u00ebrmes aktiviteteve t\u00eb tilla b\u00ebhet e mundur jo vet\u00ebm q\u00eb shkenca t\u2019i afrohet publikut, por edhe t\u00eb rinjt\u00eb ta shohin t\u00eb ardhmen e tyre si pjes\u00eb e komunitetit shkencor evropian. Ngjarjet synojn\u00eb t\u2019u japin dukshm\u00ebri hulumtuesve t\u00eb rinj t\u00eb talentuar, t\u2019i lidhin me praktika shkencore bot\u00ebrore dhe t\u2019u ofrojn\u00eb frym\u00ebzim p\u00ebr ide dhe arritje t\u00eb reja. Kjo iniciativ\u00eb n\u00ebnvizon r\u00ebnd\u00ebsin\u00eb q\u00eb shkenca t\u00eb jet\u00eb e qasshme p\u00ebr t\u00eb gjith\u00eb, qofshin nx\u00ebn\u00ebs, student\u00eb apo qytetar\u00eb kureshtar\u00eb q\u00eb duan t\u00eb m\u00ebsojn\u00eb m\u00eb shum\u00eb.<\/p>\n<p>Ekspozita\u00a0<strong>\u201cCERN dhe Universi: Shkenca q\u00eb na lidh\u201d<\/strong>\u00a0n\u00eb Diamond Mall n\u00eb Shkup mbetet e hapur p\u00ebr publikun deri m\u00eb 15 tetor. T\u00eb gjith\u00eb t\u00eb interesuarit jan\u00eb t\u00eb ftuar ta vizitojn\u00eb, t\u00eb zbulojn\u00eb fakte magjeps\u00ebse p\u00ebr universin dhe fizik\u00ebn e grimcave dhe ta p\u00ebrjetojn\u00eb shkenc\u00ebn nga af\u00ebr p\u00ebrmes p\u00ebrmbajtjeve interaktive dhe aktiviteteve edukative.<\/p>\n<p>&nbsp;<\/p>\n<p>&nbsp;<\/p>\n<p>&nbsp;<\/p>\n","protected":false},"excerpt":{"rendered":"<p>Delegacioni i BE-s\u00eb dhe Europe House dje, me nj\u00eb ngjarje n\u00eb hap\u00ebsirat e Diamond Mall, sh\u00ebnuan Nat\u00ebn Evropiane t\u00eb Hulumtuesve 2025. Ngjarja paraqiti hapin final nga nj\u00eb s\u00ebr\u00eb aktivitetesh q\u00eb Europe House i organizoi n\u00eb t\u00ebr\u00eb vendin. K\u00ebt\u00eb vit \u00ebsht\u00eb jubilar p\u00ebr shkenc\u00ebn, pasi n\u00eb t\u00ebr\u00eb Evrop\u00ebn sh\u00ebnohen 20 vjet nga Nata Evropiane e Hulumtuesve, [&hellip;]<\/p>\n","protected":false},"author":2,"featured_media":63394,"comment_status":"closed","ping_status":"closed","sticky":false,"template":"","format":"standard","meta":{"inline_featured_image":false,"footnotes":""},"categories":[256,7],"tags":[],"class_list":["post-63377","post","type-post","status-publish","format-standard","has-post-thumbnail","hentry","category-news-sq","category-uncategorized-sq"],"yoast_head":"<!-- This site is optimized with the Yoast SEO plugin v27.2 - https:\/\/yoast.com\/product\/yoast-seo-wordpress\/ -->\n<title>20 VJET NATA EVROPIANE E HULUMTUESVE - Europe House<\/title>\n<meta name=\"robots\" content=\"index, follow, max-snippet:-1, max-image-preview:large, max-video-preview:-1\" \/>\n<link rel=\"canonical\" href=\"https:\/\/europehouse.mk\/sq\/european-researchers-night\/\" \/>\n<meta property=\"og:locale\" content=\"sq_AL\" \/>\n<meta property=\"og:type\" content=\"article\" \/>\n<meta property=\"og:title\" content=\"20 VJET NATA EVROPIANE E HULUMTUESVE - Europe House\" \/>\n<meta property=\"og:description\" content=\"Delegacioni i BE-s\u00eb dhe Europe House dje, me nj\u00eb ngjarje n\u00eb hap\u00ebsirat e Diamond Mall, sh\u00ebnuan Nat\u00ebn Evropiane t\u00eb Hulumtuesve 2025. Ngjarja paraqiti hapin final nga nj\u00eb s\u00ebr\u00eb aktivitetesh q\u00eb Europe House i organizoi n\u00eb t\u00ebr\u00eb vendin. K\u00ebt\u00eb vit \u00ebsht\u00eb jubilar p\u00ebr shkenc\u00ebn, pasi n\u00eb t\u00ebr\u00eb Evrop\u00ebn sh\u00ebnohen 20 vjet nga Nata Evropiane e Hulumtuesve, [&hellip;]\" \/>\n<meta property=\"og:url\" content=\"https:\/\/europehouse.mk\/sq\/european-researchers-night\/\" \/>\n<meta property=\"og:site_name\" content=\"Europe House\" \/>\n<meta property=\"article:published_time\" content=\"2025-09-22T16:06:54+00:00\" \/>\n<meta property=\"article:modified_time\" content=\"2025-10-02T13:25:19+00:00\" \/>\n<meta property=\"og:image\" content=\"https:\/\/europehouse.mk\/wp-content\/uploads\/2025\/10\/main_al1920x1080.jpg\" \/>\n\t<meta property=\"og:image:width\" content=\"1920\" \/>\n\t<meta property=\"og:image:height\" content=\"1080\" \/>\n\t<meta property=\"og:image:type\" content=\"image\/jpeg\" \/>\n<meta name=\"author\" content=\"milan\" \/>\n<meta name=\"twitter:card\" content=\"summary_large_image\" \/>\n<meta name=\"twitter:label1\" content=\"Written by\" \/>\n\t<meta name=\"twitter:data1\" content=\"milan\" \/>\n\t<meta name=\"twitter:label2\" content=\"Est. reading time\" \/>\n\t<meta name=\"twitter:data2\" content=\"7 minutes\" \/>\n<script type=\"application\/ld+json\" class=\"yoast-schema-graph\">{\"@context\":\"https:\/\/schema.org\",\"@graph\":[{\"@type\":\"Article\",\"@id\":\"https:\/\/europehouse.mk\/sq\/european-researchers-night\/#article\",\"isPartOf\":{\"@id\":\"https:\/\/europehouse.mk\/sq\/european-researchers-night\/\"},\"author\":{\"name\":\"milan\",\"@id\":\"https:\/\/europehouse.mk\/#\/schema\/person\/aa6e2d6a08fe131701ee5067911abb2c\"},\"headline\":\"20 VJET NATA EVROPIANE E HULUMTUESVE\",\"datePublished\":\"2025-09-22T16:06:54+00:00\",\"dateModified\":\"2025-10-02T13:25:19+00:00\",\"mainEntityOfPage\":{\"@id\":\"https:\/\/europehouse.mk\/sq\/european-researchers-night\/\"},\"wordCount\":1130,\"publisher\":{\"@id\":\"https:\/\/europehouse.mk\/#organization\"},\"image\":{\"@id\":\"https:\/\/europehouse.mk\/sq\/european-researchers-night\/#primaryimage\"},\"thumbnailUrl\":\"https:\/\/europehouse.mk\/wp-content\/uploads\/2025\/09\/research-main_en1920x1080-e1759749304293.jpg\",\"articleSection\":[\"News\",\"Uncategorized @sq\"],\"inLanguage\":\"sq-AL\"},{\"@type\":\"WebPage\",\"@id\":\"https:\/\/europehouse.mk\/sq\/european-researchers-night\/\",\"url\":\"https:\/\/europehouse.mk\/sq\/european-researchers-night\/\",\"name\":\"20 VJET NATA EVROPIANE E HULUMTUESVE - Europe House\",\"isPartOf\":{\"@id\":\"https:\/\/europehouse.mk\/#website\"},\"primaryImageOfPage\":{\"@id\":\"https:\/\/europehouse.mk\/sq\/european-researchers-night\/#primaryimage\"},\"image\":{\"@id\":\"https:\/\/europehouse.mk\/sq\/european-researchers-night\/#primaryimage\"},\"thumbnailUrl\":\"https:\/\/europehouse.mk\/wp-content\/uploads\/2025\/09\/research-main_en1920x1080-e1759749304293.jpg\",\"datePublished\":\"2025-09-22T16:06:54+00:00\",\"dateModified\":\"2025-10-02T13:25:19+00:00\",\"inLanguage\":\"sq-AL\",\"potentialAction\":[{\"@type\":\"ReadAction\",\"target\":[\"https:\/\/europehouse.mk\/sq\/european-researchers-night\/\"]}]},{\"@type\":\"ImageObject\",\"inLanguage\":\"sq-AL\",\"@id\":\"https:\/\/europehouse.mk\/sq\/european-researchers-night\/#primaryimage\",\"url\":\"https:\/\/europehouse.mk\/wp-content\/uploads\/2025\/09\/research-main_en1920x1080-e1759749304293.jpg\",\"contentUrl\":\"https:\/\/europehouse.mk\/wp-content\/uploads\/2025\/09\/research-main_en1920x1080-e1759749304293.jpg\",\"width\":1920,\"height\":1080},{\"@type\":\"WebSite\",\"@id\":\"https:\/\/europehouse.mk\/#website\",\"url\":\"https:\/\/europehouse.mk\/\",\"name\":\"Europe House\",\"description\":\"\u0422\u0443\u043a\u0430 \u0437\u0430 \u043c\u043b\u0430\u0434\u0438\u0442\u0435\",\"publisher\":{\"@id\":\"https:\/\/europehouse.mk\/#organization\"},\"potentialAction\":[{\"@type\":\"SearchAction\",\"target\":{\"@type\":\"EntryPoint\",\"urlTemplate\":\"https:\/\/europehouse.mk\/?s={search_term_string}\"},\"query-input\":{\"@type\":\"PropertyValueSpecification\",\"valueRequired\":true,\"valueName\":\"search_term_string\"}}],\"inLanguage\":\"sq-AL\"},{\"@type\":\"Organization\",\"@id\":\"https:\/\/europehouse.mk\/#organization\",\"name\":\"Europe House\",\"url\":\"https:\/\/europehouse.mk\/\",\"logo\":{\"@type\":\"ImageObject\",\"inLanguage\":\"sq-AL\",\"@id\":\"https:\/\/europehouse.mk\/#\/schema\/logo\/image\/\",\"url\":\"https:\/\/europehouse.mk\/wp-content\/uploads\/2025\/11\/cropped-EUROPE-HOUSE-FB-Profile-Picture-redisign-1-1.jpg\",\"contentUrl\":\"https:\/\/europehouse.mk\/wp-content\/uploads\/2025\/11\/cropped-EUROPE-HOUSE-FB-Profile-Picture-redisign-1-1.jpg\",\"width\":2246,\"height\":620,\"caption\":\"Europe House\"},\"image\":{\"@id\":\"https:\/\/europehouse.mk\/#\/schema\/logo\/image\/\"}},{\"@type\":\"Person\",\"@id\":\"https:\/\/europehouse.mk\/#\/schema\/person\/aa6e2d6a08fe131701ee5067911abb2c\",\"name\":\"milan\",\"image\":{\"@type\":\"ImageObject\",\"inLanguage\":\"sq-AL\",\"@id\":\"https:\/\/secure.gravatar.com\/avatar\/299db3b4b6f94903d3037b4ff9f36c339328bf67f6a94cd5d3e3fd1ed74f6480?s=96&d=mm&r=g\",\"url\":\"https:\/\/secure.gravatar.com\/avatar\/299db3b4b6f94903d3037b4ff9f36c339328bf67f6a94cd5d3e3fd1ed74f6480?s=96&d=mm&r=g\",\"contentUrl\":\"https:\/\/secure.gravatar.com\/avatar\/299db3b4b6f94903d3037b4ff9f36c339328bf67f6a94cd5d3e3fd1ed74f6480?s=96&d=mm&r=g\",\"caption\":\"milan\"},\"url\":\"https:\/\/europehouse.mk\/sq\/author\/milan\/\"}]}<\/script>\n<!-- \/ Yoast SEO plugin. -->","yoast_head_json":{"title":"20 VJET NATA EVROPIANE E HULUMTUESVE - Europe House","robots":{"index":"index","follow":"follow","max-snippet":"max-snippet:-1","max-image-preview":"max-image-preview:large","max-video-preview":"max-video-preview:-1"},"canonical":"https:\/\/europehouse.mk\/sq\/european-researchers-night\/","og_locale":"sq_AL","og_type":"article","og_title":"20 VJET NATA EVROPIANE E HULUMTUESVE - Europe House","og_description":"Delegacioni i BE-s\u00eb dhe Europe House dje, me nj\u00eb ngjarje n\u00eb hap\u00ebsirat e Diamond Mall, sh\u00ebnuan Nat\u00ebn Evropiane t\u00eb Hulumtuesve 2025. Ngjarja paraqiti hapin final nga nj\u00eb s\u00ebr\u00eb aktivitetesh q\u00eb Europe House i organizoi n\u00eb t\u00ebr\u00eb vendin. K\u00ebt\u00eb vit \u00ebsht\u00eb jubilar p\u00ebr shkenc\u00ebn, pasi n\u00eb t\u00ebr\u00eb Evrop\u00ebn sh\u00ebnohen 20 vjet nga Nata Evropiane e Hulumtuesve, [&hellip;]","og_url":"https:\/\/europehouse.mk\/sq\/european-researchers-night\/","og_site_name":"Europe House","article_published_time":"2025-09-22T16:06:54+00:00","article_modified_time":"2025-10-02T13:25:19+00:00","og_image":[{"width":1920,"height":1080,"url":"https:\/\/europehouse.mk\/wp-content\/uploads\/2025\/10\/main_al1920x1080.jpg","type":"image\/jpeg"}],"author":"milan","twitter_card":"summary_large_image","twitter_misc":{"Written by":"milan","Est. reading time":"7 minutes"},"schema":{"@context":"https:\/\/schema.org","@graph":[{"@type":"Article","@id":"https:\/\/europehouse.mk\/sq\/european-researchers-night\/#article","isPartOf":{"@id":"https:\/\/europehouse.mk\/sq\/european-researchers-night\/"},"author":{"name":"milan","@id":"https:\/\/europehouse.mk\/#\/schema\/person\/aa6e2d6a08fe131701ee5067911abb2c"},"headline":"20 VJET NATA EVROPIANE E HULUMTUESVE","datePublished":"2025-09-22T16:06:54+00:00","dateModified":"2025-10-02T13:25:19+00:00","mainEntityOfPage":{"@id":"https:\/\/europehouse.mk\/sq\/european-researchers-night\/"},"wordCount":1130,"publisher":{"@id":"https:\/\/europehouse.mk\/#organization"},"image":{"@id":"https:\/\/europehouse.mk\/sq\/european-researchers-night\/#primaryimage"},"thumbnailUrl":"https:\/\/europehouse.mk\/wp-content\/uploads\/2025\/09\/research-main_en1920x1080-e1759749304293.jpg","articleSection":["News","Uncategorized @sq"],"inLanguage":"sq-AL"},{"@type":"WebPage","@id":"https:\/\/europehouse.mk\/sq\/european-researchers-night\/","url":"https:\/\/europehouse.mk\/sq\/european-researchers-night\/","name":"20 VJET NATA EVROPIANE E HULUMTUESVE - Europe House","isPartOf":{"@id":"https:\/\/europehouse.mk\/#website"},"primaryImageOfPage":{"@id":"https:\/\/europehouse.mk\/sq\/european-researchers-night\/#primaryimage"},"image":{"@id":"https:\/\/europehouse.mk\/sq\/european-researchers-night\/#primaryimage"},"thumbnailUrl":"https:\/\/europehouse.mk\/wp-content\/uploads\/2025\/09\/research-main_en1920x1080-e1759749304293.jpg","datePublished":"2025-09-22T16:06:54+00:00","dateModified":"2025-10-02T13:25:19+00:00","inLanguage":"sq-AL","potentialAction":[{"@type":"ReadAction","target":["https:\/\/europehouse.mk\/sq\/european-researchers-night\/"]}]},{"@type":"ImageObject","inLanguage":"sq-AL","@id":"https:\/\/europehouse.mk\/sq\/european-researchers-night\/#primaryimage","url":"https:\/\/europehouse.mk\/wp-content\/uploads\/2025\/09\/research-main_en1920x1080-e1759749304293.jpg","contentUrl":"https:\/\/europehouse.mk\/wp-content\/uploads\/2025\/09\/research-main_en1920x1080-e1759749304293.jpg","width":1920,"height":1080},{"@type":"WebSite","@id":"https:\/\/europehouse.mk\/#website","url":"https:\/\/europehouse.mk\/","name":"Europe House","description":"\u0422\u0443\u043a\u0430 \u0437\u0430 \u043c\u043b\u0430\u0434\u0438\u0442\u0435","publisher":{"@id":"https:\/\/europehouse.mk\/#organization"},"potentialAction":[{"@type":"SearchAction","target":{"@type":"EntryPoint","urlTemplate":"https:\/\/europehouse.mk\/?s={search_term_string}"},"query-input":{"@type":"PropertyValueSpecification","valueRequired":true,"valueName":"search_term_string"}}],"inLanguage":"sq-AL"},{"@type":"Organization","@id":"https:\/\/europehouse.mk\/#organization","name":"Europe House","url":"https:\/\/europehouse.mk\/","logo":{"@type":"ImageObject","inLanguage":"sq-AL","@id":"https:\/\/europehouse.mk\/#\/schema\/logo\/image\/","url":"https:\/\/europehouse.mk\/wp-content\/uploads\/2025\/11\/cropped-EUROPE-HOUSE-FB-Profile-Picture-redisign-1-1.jpg","contentUrl":"https:\/\/europehouse.mk\/wp-content\/uploads\/2025\/11\/cropped-EUROPE-HOUSE-FB-Profile-Picture-redisign-1-1.jpg","width":2246,"height":620,"caption":"Europe House"},"image":{"@id":"https:\/\/europehouse.mk\/#\/schema\/logo\/image\/"}},{"@type":"Person","@id":"https:\/\/europehouse.mk\/#\/schema\/person\/aa6e2d6a08fe131701ee5067911abb2c","name":"milan","image":{"@type":"ImageObject","inLanguage":"sq-AL","@id":"https:\/\/secure.gravatar.com\/avatar\/299db3b4b6f94903d3037b4ff9f36c339328bf67f6a94cd5d3e3fd1ed74f6480?s=96&d=mm&r=g","url":"https:\/\/secure.gravatar.com\/avatar\/299db3b4b6f94903d3037b4ff9f36c339328bf67f6a94cd5d3e3fd1ed74f6480?s=96&d=mm&r=g","contentUrl":"https:\/\/secure.gravatar.com\/avatar\/299db3b4b6f94903d3037b4ff9f36c339328bf67f6a94cd5d3e3fd1ed74f6480?s=96&d=mm&r=g","caption":"milan"},"url":"https:\/\/europehouse.mk\/sq\/author\/milan\/"}]}},"_links":{"self":[{"href":"https:\/\/europehouse.mk\/sq\/wp-json\/wp\/v2\/posts\/63377","targetHints":{"allow":["GET"]}}],"collection":[{"href":"https:\/\/europehouse.mk\/sq\/wp-json\/wp\/v2\/posts"}],"about":[{"href":"https:\/\/europehouse.mk\/sq\/wp-json\/wp\/v2\/types\/post"}],"author":[{"embeddable":true,"href":"https:\/\/europehouse.mk\/sq\/wp-json\/wp\/v2\/users\/2"}],"replies":[{"embeddable":true,"href":"https:\/\/europehouse.mk\/sq\/wp-json\/wp\/v2\/comments?post=63377"}],"version-history":[{"count":2,"href":"https:\/\/europehouse.mk\/sq\/wp-json\/wp\/v2\/posts\/63377\/revisions"}],"predecessor-version":[{"id":63382,"href":"https:\/\/europehouse.mk\/sq\/wp-json\/wp\/v2\/posts\/63377\/revisions\/63382"}],"wp:featuredmedia":[{"embeddable":true,"href":"https:\/\/europehouse.mk\/sq\/wp-json\/wp\/v2\/media\/63394"}],"wp:attachment":[{"href":"https:\/\/europehouse.mk\/sq\/wp-json\/wp\/v2\/media?parent=63377"}],"wp:term":[{"taxonomy":"category","embeddable":true,"href":"https:\/\/europehouse.mk\/sq\/wp-json\/wp\/v2\/categories?post=63377"},{"taxonomy":"post_tag","embeddable":true,"href":"https:\/\/europehouse.mk\/sq\/wp-json\/wp\/v2\/tags?post=63377"}],"curies":[{"name":"wp","href":"https:\/\/api.w.org\/{rel}","templated":true}]}}