{"id":16303,"date":"2022-03-03T11:15:54","date_gmt":"2022-03-03T11:15:54","guid":{"rendered":"https:\/\/www.euhouse.mk\/the-delegation-of-the-european-union-announces-a-call-for-green-deal-municipal-award\/"},"modified":"2022-05-19T14:43:12","modified_gmt":"2022-05-19T14:43:12","slug":"the-delegation-of-the-european-union-announces-a-call-for-green-deal-municipal-award","status":"publish","type":"post","link":"https:\/\/europehouse.mk\/sq\/the-delegation-of-the-european-union-announces-a-call-for-green-deal-municipal-award\/","title":{"rendered":"Delegacioni i Bashkimit Evropian shpall thirrjen p\u00ebr zgjedhjen e Komun\u00ebs m\u00eb t\u00eb Gjelb\u00ebr"},"content":{"rendered":"<p><img loading=\"lazy\" decoding=\"async\" class=\"aligncenter size-full wp-image-5118\" src=\"https:\/\/europehouse.mkwp-content\/uploads\/2022\/03\/fb-cover-nagrada-mkd.jpg\" alt=\"\" width=\"851\" height=\"315\" srcset=\"https:\/\/europehouse.mk\/wp-content\/uploads\/2022\/03\/fb-cover-nagrada-mkd.jpg 851w, https:\/\/europehouse.mk\/wp-content\/uploads\/2022\/03\/fb-cover-nagrada-mkd-300x111.jpg 300w, https:\/\/europehouse.mk\/wp-content\/uploads\/2022\/03\/fb-cover-nagrada-mkd-768x284.jpg 768w\" sizes=\"auto, (max-width: 851px) 100vw, 851px\" \/><\/p>\n<div class=\"cxmmr5t8 oygrvhab hcukyx3x c1et5uql o9v6fnle ii04i59q\">\n<p dir=\"auto\">M\u00eb 3 Mars &#8211; Dita Bot\u00ebrore e Kafsh\u00ebve t\u00eb Egra, Delegacioni i Bashkimit Evropian shpall thirrjen p\u00ebr zgjedhjen e Komun\u00ebs m\u00eb t\u00eb Gjelb\u00ebr. Thirrja \u00ebsht\u00eb e hapur p\u00ebr t\u00eb gjitha komunat dhe ofron mund\u00ebsi p\u00ebr t\u00eb prezantuar aktivitetet lokale t\u00eb realizuara gjat\u00eb vitit 2021, t\u00eb cilat kontribuan n\u00eb mbrojtjen e mjedisit jet\u00ebsor.<\/p>\n<\/div>\n<div dir=\"auto\">Thirrja p\u00ebr zgjedhjen e Bashkis\u00eb m\u00eb t\u00eb Gjelb\u00ebr \u00ebsht\u00eb hapi i radh\u00ebs n\u00eb kontekst t\u00eb fushat\u00ebs <a class=\"oajrlxb2 g5ia77u1 qu0x051f esr5mh6w e9989ue4 r7d6kgcz rq0escxv nhd2j8a9 nc684nl6 p7hjln8o kvgmc6g5 cxmmr5t8 oygrvhab hcukyx3x jb3vyjys rz4wbd8a qt6c0cv9 a8nywdso i1ao9s8h esuyzwwr f1sip0of lzcic4wl gpro0wi8 q66pz984 b1v8xokw\" tabindex=\"0\" role=\"link\" href=\"https:\/\/www.facebook.com\/hashtag\/be?__eep__=6&amp;__cft__[0]=AZU3YN6672RriE5OsD1ygnhcl8pX7W-9Srf3MlPBsxG3yP4lD_pbv20NLx958deSD3iLz7mVcBaV7Ru3nuVRGTOWxgrhMhQ9eBHySA2Myf-LoIbhi-rfp7CYbePZwm_7bHc&amp;__tn__=*NK-R\">#BE<\/a>-jaMeTY t\u00eb kushtuar Marr\u00ebveshjes Evropiane t\u00eb Gjelb\u00ebr q\u00eb filloi n\u00eb n\u00ebntor 2021. Q\u00ebllimi \u00ebsht\u00eb promovimi i shembujve pozitiv\u00eb t\u00eb bashkive n\u00eb menaxhimin e mbetjeve q\u00eb kan\u00eb kontribuar n\u00eb ndryshimet sistemike p\u00ebr mir\u00eb dhe q\u00eb kan\u00eb arritur rezultate afatgjata.<\/div>\n<div dir=\"auto\">Thirrja do t\u00eb jet\u00eb e hapur nga data 4 mars deri m\u00eb 4 prill dhe \u00e7do kryetar bashkie do t\u00eb marr\u00eb ftes\u00eb personale p\u00ebr t\u00eb marr\u00eb pjes\u00eb. N\u00eb baz\u00eb t\u00eb aplikacioneve t\u00eb dor\u00ebzuara do t\u00eb p\u00ebrzgjidhen 5 komuna, nd\u00ebr t\u00eb cilat m\u00eb t\u00eb gjelbrat do t\u00eb zgjidhen n\u00eb baz\u00eb t\u00eb nj\u00eb vizite n\u00eb terren.<\/div>\n<div dir=\"auto\">\u00c7mimi i Komun\u00ebs m\u00eb t\u00eb Gjelb\u00ebr do t\u00eb jepet nga Ambasadori <span class=\"pq6dq46d tbxw36s4 knj5qynh kvgmc6g5 ditlmg2l oygrvhab nvdbi5me sf5mxxl7 gl3lb2sf hhz5lgdu\"><img loading=\"lazy\" decoding=\"async\" src=\"https:\/\/static.xx.fbcdn.net\/images\/emoji.php\/v9\/t76\/1.5\/16\/1f1ea_1f1fa.png\" alt=\"\ud83c\uddea\ud83c\uddfa\" width=\"16\" height=\"16\" \/><\/span> David Geer m\u00eb 5 qershor 2022 &#8211; Dita Bot\u00ebrore e Mjedisit.<\/div>\n<div class=\"cxmmr5t8 oygrvhab hcukyx3x c1et5uql o9v6fnle ii04i59q\">\n<p dir=\"auto\">Sepse nuk kemi nj\u00eb planet rezerv\u00eb!<\/p>\n<\/div>\n","protected":false},"excerpt":{"rendered":"<p>M\u00eb 3 Mars &#8211; Dita Bot\u00ebrore e Kafsh\u00ebve t\u00eb Egra, Delegacioni i Bashkimit Evropian shpall thirrjen p\u00ebr zgjedhjen e Komun\u00ebs m\u00eb t\u00eb Gjelb\u00ebr. Thirrja \u00ebsht\u00eb e hapur p\u00ebr t\u00eb gjitha komunat dhe ofron mund\u00ebsi p\u00ebr t\u00eb prezantuar aktivitetet lokale t\u00eb realizuara gjat\u00eb vitit 2021, t\u00eb cilat kontribuan n\u00eb mbrojtjen e mjedisit jet\u00ebsor. Thirrja p\u00ebr zgjedhjen [&hellip;]<\/p>\n","protected":false},"author":2,"featured_media":5119,"comment_status":"open","ping_status":"closed","sticky":false,"template":"","format":"standard","meta":{"inline_featured_image":false,"footnotes":""},"categories":[256],"tags":[],"class_list":["post-16303","post","type-post","status-publish","format-standard","has-post-thumbnail","hentry","category-news-sq"],"yoast_head":"<!-- This site is optimized with the Yoast SEO plugin v27.2 - https:\/\/yoast.com\/product\/yoast-seo-wordpress\/ -->\n<title>Delegacioni i Bashkimit Evropian shpall thirrjen p\u00ebr zgjedhjen e Komun\u00ebs m\u00eb t\u00eb Gjelb\u00ebr - Europe House<\/title>\n<meta name=\"robots\" content=\"index, follow, max-snippet:-1, max-image-preview:large, max-video-preview:-1\" \/>\n<link rel=\"canonical\" href=\"https:\/\/europehouse.mkthe-delegation-of-the-european-union-announces-a-call-for-green-deal-municipal-award\/\" \/>\n<meta property=\"og:locale\" content=\"sq_AL\" \/>\n<meta property=\"og:type\" content=\"article\" \/>\n<meta property=\"og:title\" content=\"Delegacioni i Bashkimit Evropian shpall thirrjen p\u00ebr zgjedhjen e Komun\u00ebs m\u00eb t\u00eb Gjelb\u00ebr - Europe House\" \/>\n<meta property=\"og:description\" content=\"M\u00eb 3 Mars &#8211; Dita Bot\u00ebrore e Kafsh\u00ebve t\u00eb Egra, Delegacioni i Bashkimit Evropian shpall thirrjen p\u00ebr zgjedhjen e Komun\u00ebs m\u00eb t\u00eb Gjelb\u00ebr. Thirrja \u00ebsht\u00eb e hapur p\u00ebr t\u00eb gjitha komunat dhe ofron mund\u00ebsi p\u00ebr t\u00eb prezantuar aktivitetet lokale t\u00eb realizuara gjat\u00eb vitit 2021, t\u00eb cilat kontribuan n\u00eb mbrojtjen e mjedisit jet\u00ebsor. Thirrja p\u00ebr zgjedhjen [&hellip;]\" \/>\n<meta property=\"og:url\" content=\"https:\/\/europehouse.mkthe-delegation-of-the-european-union-announces-a-call-for-green-deal-municipal-award\/\" \/>\n<meta property=\"og:site_name\" content=\"Europe House\" \/>\n<meta property=\"article:published_time\" content=\"2022-03-03T11:15:54+00:00\" \/>\n<meta property=\"article:modified_time\" content=\"2022-05-19T14:43:12+00:00\" \/>\n<meta property=\"og:image\" content=\"https:\/\/europehouse.mkwp-content\/uploads\/2022\/03\/fb-cover-nagrada-mkd.jpg\" \/>\n\t<meta property=\"og:image:width\" content=\"851\" \/>\n\t<meta property=\"og:image:height\" content=\"315\" \/>\n\t<meta property=\"og:image:type\" content=\"image\/jpeg\" \/>\n<meta name=\"author\" content=\"milan\" \/>\n<meta name=\"twitter:card\" content=\"summary_large_image\" \/>\n<meta name=\"twitter:label1\" content=\"Written by\" \/>\n\t<meta name=\"twitter:data1\" content=\"milan\" \/>\n\t<meta name=\"twitter:label2\" content=\"Est. reading time\" \/>\n\t<meta name=\"twitter:data2\" content=\"1 minute\" \/>\n<script type=\"application\/ld+json\" class=\"yoast-schema-graph\">{\"@context\":\"https:\/\/schema.org\",\"@graph\":[{\"@type\":\"Article\",\"@id\":\"https:\/\/europehouse.mkthe-delegation-of-the-european-union-announces-a-call-for-green-deal-municipal-award\/#article\",\"isPartOf\":{\"@id\":\"https:\/\/europehouse.mkthe-delegation-of-the-european-union-announces-a-call-for-green-deal-municipal-award\/\"},\"author\":{\"name\":\"milan\",\"@id\":\"https:\/\/europehouse.mk\/#\/schema\/person\/aa6e2d6a08fe131701ee5067911abb2c\"},\"headline\":\"Delegacioni i Bashkimit Evropian shpall thirrjen p\u00ebr zgjedhjen e Komun\u00ebs m\u00eb t\u00eb Gjelb\u00ebr\",\"datePublished\":\"2022-03-03T11:15:54+00:00\",\"dateModified\":\"2022-05-19T14:43:12+00:00\",\"mainEntityOfPage\":{\"@id\":\"https:\/\/europehouse.mkthe-delegation-of-the-european-union-announces-a-call-for-green-deal-municipal-award\/\"},\"wordCount\":221,\"commentCount\":0,\"publisher\":{\"@id\":\"https:\/\/europehouse.mk\/#organization\"},\"image\":{\"@id\":\"https:\/\/europehouse.mkthe-delegation-of-the-european-union-announces-a-call-for-green-deal-municipal-award\/#primaryimage\"},\"thumbnailUrl\":\"https:\/\/europehouse.mk\/wp-content\/uploads\/2022\/03\/fb-cover-nagrada-mkd.jpg\",\"articleSection\":[\"News\"],\"inLanguage\":\"sq-AL\",\"potentialAction\":[{\"@type\":\"CommentAction\",\"name\":\"Comment\",\"target\":[\"https:\/\/europehouse.mkthe-delegation-of-the-european-union-announces-a-call-for-green-deal-municipal-award\/#respond\"]}]},{\"@type\":\"WebPage\",\"@id\":\"https:\/\/europehouse.mkthe-delegation-of-the-european-union-announces-a-call-for-green-deal-municipal-award\/\",\"url\":\"https:\/\/europehouse.mkthe-delegation-of-the-european-union-announces-a-call-for-green-deal-municipal-award\/\",\"name\":\"Delegacioni i Bashkimit Evropian shpall thirrjen p\u00ebr zgjedhjen e Komun\u00ebs m\u00eb t\u00eb Gjelb\u00ebr - Europe House\",\"isPartOf\":{\"@id\":\"https:\/\/europehouse.mk\/#website\"},\"primaryImageOfPage\":{\"@id\":\"https:\/\/europehouse.mkthe-delegation-of-the-european-union-announces-a-call-for-green-deal-municipal-award\/#primaryimage\"},\"image\":{\"@id\":\"https:\/\/europehouse.mkthe-delegation-of-the-european-union-announces-a-call-for-green-deal-municipal-award\/#primaryimage\"},\"thumbnailUrl\":\"https:\/\/europehouse.mk\/wp-content\/uploads\/2022\/03\/fb-cover-nagrada-mkd.jpg\",\"datePublished\":\"2022-03-03T11:15:54+00:00\",\"dateModified\":\"2022-05-19T14:43:12+00:00\",\"inLanguage\":\"sq-AL\",\"potentialAction\":[{\"@type\":\"ReadAction\",\"target\":[\"https:\/\/europehouse.mkthe-delegation-of-the-european-union-announces-a-call-for-green-deal-municipal-award\/\"]}]},{\"@type\":\"ImageObject\",\"inLanguage\":\"sq-AL\",\"@id\":\"https:\/\/europehouse.mkthe-delegation-of-the-european-union-announces-a-call-for-green-deal-municipal-award\/#primaryimage\",\"url\":\"https:\/\/europehouse.mk\/wp-content\/uploads\/2022\/03\/fb-cover-nagrada-mkd.jpg\",\"contentUrl\":\"https:\/\/europehouse.mk\/wp-content\/uploads\/2022\/03\/fb-cover-nagrada-mkd.jpg\",\"width\":851,\"height\":315},{\"@type\":\"WebSite\",\"@id\":\"https:\/\/europehouse.mk\/#website\",\"url\":\"https:\/\/europehouse.mk\/\",\"name\":\"Europe House\",\"description\":\"\u0422\u0443\u043a\u0430 \u0437\u0430 \u043c\u043b\u0430\u0434\u0438\u0442\u0435\",\"publisher\":{\"@id\":\"https:\/\/europehouse.mk\/#organization\"},\"potentialAction\":[{\"@type\":\"SearchAction\",\"target\":{\"@type\":\"EntryPoint\",\"urlTemplate\":\"https:\/\/europehouse.mk\/?s={search_term_string}\"},\"query-input\":{\"@type\":\"PropertyValueSpecification\",\"valueRequired\":true,\"valueName\":\"search_term_string\"}}],\"inLanguage\":\"sq-AL\"},{\"@type\":\"Organization\",\"@id\":\"https:\/\/europehouse.mk\/#organization\",\"name\":\"Europe House\",\"url\":\"https:\/\/europehouse.mk\/\",\"logo\":{\"@type\":\"ImageObject\",\"inLanguage\":\"sq-AL\",\"@id\":\"https:\/\/europehouse.mk\/#\/schema\/logo\/image\/\",\"url\":\"https:\/\/europehouse.mk\/wp-content\/uploads\/2025\/11\/cropped-EUROPE-HOUSE-FB-Profile-Picture-redisign-1-1.jpg\",\"contentUrl\":\"https:\/\/europehouse.mk\/wp-content\/uploads\/2025\/11\/cropped-EUROPE-HOUSE-FB-Profile-Picture-redisign-1-1.jpg\",\"width\":2246,\"height\":620,\"caption\":\"Europe House\"},\"image\":{\"@id\":\"https:\/\/europehouse.mk\/#\/schema\/logo\/image\/\"}},{\"@type\":\"Person\",\"@id\":\"https:\/\/europehouse.mk\/#\/schema\/person\/aa6e2d6a08fe131701ee5067911abb2c\",\"name\":\"milan\",\"image\":{\"@type\":\"ImageObject\",\"inLanguage\":\"sq-AL\",\"@id\":\"https:\/\/secure.gravatar.com\/avatar\/299db3b4b6f94903d3037b4ff9f36c339328bf67f6a94cd5d3e3fd1ed74f6480?s=96&d=mm&r=g\",\"url\":\"https:\/\/secure.gravatar.com\/avatar\/299db3b4b6f94903d3037b4ff9f36c339328bf67f6a94cd5d3e3fd1ed74f6480?s=96&d=mm&r=g\",\"contentUrl\":\"https:\/\/secure.gravatar.com\/avatar\/299db3b4b6f94903d3037b4ff9f36c339328bf67f6a94cd5d3e3fd1ed74f6480?s=96&d=mm&r=g\",\"caption\":\"milan\"},\"url\":\"https:\/\/europehouse.mk\/sq\/author\/milan\/\"}]}<\/script>\n<!-- \/ Yoast SEO plugin. -->","yoast_head_json":{"title":"Delegacioni i Bashkimit Evropian shpall thirrjen p\u00ebr zgjedhjen e Komun\u00ebs m\u00eb t\u00eb Gjelb\u00ebr - Europe House","robots":{"index":"index","follow":"follow","max-snippet":"max-snippet:-1","max-image-preview":"max-image-preview:large","max-video-preview":"max-video-preview:-1"},"canonical":"https:\/\/europehouse.mkthe-delegation-of-the-european-union-announces-a-call-for-green-deal-municipal-award\/","og_locale":"sq_AL","og_type":"article","og_title":"Delegacioni i Bashkimit Evropian shpall thirrjen p\u00ebr zgjedhjen e Komun\u00ebs m\u00eb t\u00eb Gjelb\u00ebr - Europe House","og_description":"M\u00eb 3 Mars &#8211; Dita Bot\u00ebrore e Kafsh\u00ebve t\u00eb Egra, Delegacioni i Bashkimit Evropian shpall thirrjen p\u00ebr zgjedhjen e Komun\u00ebs m\u00eb t\u00eb Gjelb\u00ebr. Thirrja \u00ebsht\u00eb e hapur p\u00ebr t\u00eb gjitha komunat dhe ofron mund\u00ebsi p\u00ebr t\u00eb prezantuar aktivitetet lokale t\u00eb realizuara gjat\u00eb vitit 2021, t\u00eb cilat kontribuan n\u00eb mbrojtjen e mjedisit jet\u00ebsor. Thirrja p\u00ebr zgjedhjen [&hellip;]","og_url":"https:\/\/europehouse.mkthe-delegation-of-the-european-union-announces-a-call-for-green-deal-municipal-award\/","og_site_name":"Europe House","article_published_time":"2022-03-03T11:15:54+00:00","article_modified_time":"2022-05-19T14:43:12+00:00","og_image":[{"width":851,"height":315,"url":"https:\/\/europehouse.mkwp-content\/uploads\/2022\/03\/fb-cover-nagrada-mkd.jpg","type":"image\/jpeg"}],"author":"milan","twitter_card":"summary_large_image","twitter_misc":{"Written by":"milan","Est. reading time":"1 minute"},"schema":{"@context":"https:\/\/schema.org","@graph":[{"@type":"Article","@id":"https:\/\/europehouse.mkthe-delegation-of-the-european-union-announces-a-call-for-green-deal-municipal-award\/#article","isPartOf":{"@id":"https:\/\/europehouse.mkthe-delegation-of-the-european-union-announces-a-call-for-green-deal-municipal-award\/"},"author":{"name":"milan","@id":"https:\/\/europehouse.mk\/#\/schema\/person\/aa6e2d6a08fe131701ee5067911abb2c"},"headline":"Delegacioni i Bashkimit Evropian shpall thirrjen p\u00ebr zgjedhjen e Komun\u00ebs m\u00eb t\u00eb Gjelb\u00ebr","datePublished":"2022-03-03T11:15:54+00:00","dateModified":"2022-05-19T14:43:12+00:00","mainEntityOfPage":{"@id":"https:\/\/europehouse.mkthe-delegation-of-the-european-union-announces-a-call-for-green-deal-municipal-award\/"},"wordCount":221,"commentCount":0,"publisher":{"@id":"https:\/\/europehouse.mk\/#organization"},"image":{"@id":"https:\/\/europehouse.mkthe-delegation-of-the-european-union-announces-a-call-for-green-deal-municipal-award\/#primaryimage"},"thumbnailUrl":"https:\/\/europehouse.mk\/wp-content\/uploads\/2022\/03\/fb-cover-nagrada-mkd.jpg","articleSection":["News"],"inLanguage":"sq-AL","potentialAction":[{"@type":"CommentAction","name":"Comment","target":["https:\/\/europehouse.mkthe-delegation-of-the-european-union-announces-a-call-for-green-deal-municipal-award\/#respond"]}]},{"@type":"WebPage","@id":"https:\/\/europehouse.mkthe-delegation-of-the-european-union-announces-a-call-for-green-deal-municipal-award\/","url":"https:\/\/europehouse.mkthe-delegation-of-the-european-union-announces-a-call-for-green-deal-municipal-award\/","name":"Delegacioni i Bashkimit Evropian shpall thirrjen p\u00ebr zgjedhjen e Komun\u00ebs m\u00eb t\u00eb Gjelb\u00ebr - Europe House","isPartOf":{"@id":"https:\/\/europehouse.mk\/#website"},"primaryImageOfPage":{"@id":"https:\/\/europehouse.mkthe-delegation-of-the-european-union-announces-a-call-for-green-deal-municipal-award\/#primaryimage"},"image":{"@id":"https:\/\/europehouse.mkthe-delegation-of-the-european-union-announces-a-call-for-green-deal-municipal-award\/#primaryimage"},"thumbnailUrl":"https:\/\/europehouse.mk\/wp-content\/uploads\/2022\/03\/fb-cover-nagrada-mkd.jpg","datePublished":"2022-03-03T11:15:54+00:00","dateModified":"2022-05-19T14:43:12+00:00","inLanguage":"sq-AL","potentialAction":[{"@type":"ReadAction","target":["https:\/\/europehouse.mkthe-delegation-of-the-european-union-announces-a-call-for-green-deal-municipal-award\/"]}]},{"@type":"ImageObject","inLanguage":"sq-AL","@id":"https:\/\/europehouse.mkthe-delegation-of-the-european-union-announces-a-call-for-green-deal-municipal-award\/#primaryimage","url":"https:\/\/europehouse.mk\/wp-content\/uploads\/2022\/03\/fb-cover-nagrada-mkd.jpg","contentUrl":"https:\/\/europehouse.mk\/wp-content\/uploads\/2022\/03\/fb-cover-nagrada-mkd.jpg","width":851,"height":315},{"@type":"WebSite","@id":"https:\/\/europehouse.mk\/#website","url":"https:\/\/europehouse.mk\/","name":"Europe House","description":"\u0422\u0443\u043a\u0430 \u0437\u0430 \u043c\u043b\u0430\u0434\u0438\u0442\u0435","publisher":{"@id":"https:\/\/europehouse.mk\/#organization"},"potentialAction":[{"@type":"SearchAction","target":{"@type":"EntryPoint","urlTemplate":"https:\/\/europehouse.mk\/?s={search_term_string}"},"query-input":{"@type":"PropertyValueSpecification","valueRequired":true,"valueName":"search_term_string"}}],"inLanguage":"sq-AL"},{"@type":"Organization","@id":"https:\/\/europehouse.mk\/#organization","name":"Europe House","url":"https:\/\/europehouse.mk\/","logo":{"@type":"ImageObject","inLanguage":"sq-AL","@id":"https:\/\/europehouse.mk\/#\/schema\/logo\/image\/","url":"https:\/\/europehouse.mk\/wp-content\/uploads\/2025\/11\/cropped-EUROPE-HOUSE-FB-Profile-Picture-redisign-1-1.jpg","contentUrl":"https:\/\/europehouse.mk\/wp-content\/uploads\/2025\/11\/cropped-EUROPE-HOUSE-FB-Profile-Picture-redisign-1-1.jpg","width":2246,"height":620,"caption":"Europe House"},"image":{"@id":"https:\/\/europehouse.mk\/#\/schema\/logo\/image\/"}},{"@type":"Person","@id":"https:\/\/europehouse.mk\/#\/schema\/person\/aa6e2d6a08fe131701ee5067911abb2c","name":"milan","image":{"@type":"ImageObject","inLanguage":"sq-AL","@id":"https:\/\/secure.gravatar.com\/avatar\/299db3b4b6f94903d3037b4ff9f36c339328bf67f6a94cd5d3e3fd1ed74f6480?s=96&d=mm&r=g","url":"https:\/\/secure.gravatar.com\/avatar\/299db3b4b6f94903d3037b4ff9f36c339328bf67f6a94cd5d3e3fd1ed74f6480?s=96&d=mm&r=g","contentUrl":"https:\/\/secure.gravatar.com\/avatar\/299db3b4b6f94903d3037b4ff9f36c339328bf67f6a94cd5d3e3fd1ed74f6480?s=96&d=mm&r=g","caption":"milan"},"url":"https:\/\/europehouse.mk\/sq\/author\/milan\/"}]}},"_links":{"self":[{"href":"https:\/\/europehouse.mk\/sq\/wp-json\/wp\/v2\/posts\/16303","targetHints":{"allow":["GET"]}}],"collection":[{"href":"https:\/\/europehouse.mk\/sq\/wp-json\/wp\/v2\/posts"}],"about":[{"href":"https:\/\/europehouse.mk\/sq\/wp-json\/wp\/v2\/types\/post"}],"author":[{"embeddable":true,"href":"https:\/\/europehouse.mk\/sq\/wp-json\/wp\/v2\/users\/2"}],"replies":[{"embeddable":true,"href":"https:\/\/europehouse.mk\/sq\/wp-json\/wp\/v2\/comments?post=16303"}],"version-history":[{"count":1,"href":"https:\/\/europehouse.mk\/sq\/wp-json\/wp\/v2\/posts\/16303\/revisions"}],"predecessor-version":[{"id":16304,"href":"https:\/\/europehouse.mk\/sq\/wp-json\/wp\/v2\/posts\/16303\/revisions\/16304"}],"wp:featuredmedia":[{"embeddable":true,"href":"https:\/\/europehouse.mk\/sq\/wp-json\/wp\/v2\/media\/5119"}],"wp:attachment":[{"href":"https:\/\/europehouse.mk\/sq\/wp-json\/wp\/v2\/media?parent=16303"}],"wp:term":[{"taxonomy":"category","embeddable":true,"href":"https:\/\/europehouse.mk\/sq\/wp-json\/wp\/v2\/categories?post=16303"},{"taxonomy":"post_tag","embeddable":true,"href":"https:\/\/europehouse.mk\/sq\/wp-json\/wp\/v2\/tags?post=16303"}],"curies":[{"name":"wp","href":"https:\/\/api.w.org\/{rel}","templated":true}]}}